{"id":1776,"date":"2016-08-11T20:54:37","date_gmt":"2016-08-11T20:54:37","guid":{"rendered":"https:\/\/glorious-green-crane.72-61-35-14.cpanel.site\/?p=1776"},"modified":"2016-08-11T20:55:58","modified_gmt":"2016-08-11T20:55:58","slug":"raul-casanova-diretor-executivo-da-animaseg-fala-sobre-o-mercado-de-seguranca-e-saude-no-trabalho-as-expectativas-para-a-fisp-2016","status":"publish","type":"post","link":"https:\/\/fireshow.com.br\/?p=1776","title":{"rendered":"Raul Casanova, diretor executivo da ANIMASEG, fala sobre o mercado de seguran\u00e7a e sa\u00fade no trabalho as expectativas para a FISP 2016"},"content":{"rendered":"<p>O diretor executivo da Associa\u00e7\u00e3o Nacional da Ind\u00fastria de Material de Seguran\u00e7a e Prote\u00e7\u00e3o ao Trabalho (ANIMASEG) fala sobre o panorama do mercado e as expectativas para a 21\u00aa edi\u00e7\u00e3o da FISP | Feira Internacional de Seguran\u00e7a e Prote\u00e7\u00e3o. Com a mais completa plataforma de neg\u00f3cios para seguran\u00e7a e sa\u00fade no trabalho, o evento acontece de 05 a 07 de outubro de 2016, no S\u00e3o Paulo Expo, em S\u00e3o Paulo, reunindo 700 expositores e 50 mil profissionais do setor.<\/p>\n<p>\u201cO Pa\u00eds tem uma popula\u00e7\u00e3o economicamente ativa de mais de 100 milh\u00f5es de trabalhadores e, portanto, tem tudo para, retomado o crescimento brasileiro, crescer com taxas superiores aos demais setores da economia. O setor de EPI\u00b4s no Brasil tem faturamento de 4,5 bilh\u00f5es de reais por ano e potencial de duplicar este faturamento em poucos anos e acesso a toda tecnologia necess\u00e1ria para proteger adequadamente nossos trabalhadores\u201d, comenta o executivo.<\/p>\n<p><strong>1- Como est\u00e1 hoje a ind\u00fastria de material de seguran\u00e7a e prote\u00e7\u00e3o ao trabalhor?<\/strong><\/p>\n<p>A ind\u00fastria de EPIs \u00e9 muito dependente da situa\u00e7\u00e3o econ\u00f4mica do Pa\u00eds e \u00e9 atingida diretamente com a queda do emprego e com as restri\u00e7\u00f5es financeiras das empresas.<\/p>\n<p>Em recente levantamento da Animaseg, verificou-se uma queda m\u00e9dia de 13% do volume de neg\u00f3cios em 2015, quando comparado a 2014. Entretanto, j\u00e1 se observa uma melhora na expectativa das empresas que esperam crescer 4% em 2016, no comparativo com 2015.<\/p>\n<p><strong>2- Quais s\u00e3o as alternativas para a atual conjuntura econ\u00f4mica?<\/strong><\/p>\n<p>Certamente a crise atrapalhou sensivelmente as empresas do setor, mas como todo o momento dif\u00edcil, tamb\u00e9m \u00e9 um momento de explorar novas oportunidades, as empresas do setor t\u00eam expandido seu leque de clientes, o que a longo prazo pode trazer benef\u00edcios para todo o setor.<\/p>\n<p><strong>3- Em sua 21\u00aa edi\u00e7\u00e3o, a FISP se tornou um grande evento do segmento. Qual a sua import\u00e2ncia para os profissionais do setor?<\/strong><\/p>\n<p>\u00c9 a oportunidade dos profissionais conhecerem novos produtos e novos fornecedores para os produtos que j\u00e1 utilizam, pois a FISP se tornou o ponto de encontro dos profissionais de seguran\u00e7a no Brasil, evento obrigat\u00f3rio para quem est\u00e1 no setor de seguran\u00e7a e sa\u00fade do trabalho.<\/p>\n<p><strong>4- Quais ser\u00e3o as novidades que os visitantes poder\u00e3o conferir, entre lan\u00e7amentos, novas tecnologias e servi\u00e7os?<\/strong><\/p>\n<p>Todas as empresas brasileiras e estrangeiras trar\u00e3o suas novidades para a FISP, visando atender as exig\u00eancias de nosso mercado em todos os n\u00edveis.<\/p>\n<p><strong>5- Al\u00e9m da \u00e1rea expositiva, o que mais o visitante vai encontrar no evento.<\/strong><\/p>\n<p>Uma novidade que acreditamos que ser\u00e1 um diferencial no evento, ser\u00e1 a participa\u00e7\u00e3o da Funda\u00e7\u00e3o Jorge Duprat Figueiredo de Seguran\u00e7a e Medicina do Trabalho (Fundacentro), ligada ao Minist\u00e9rio do Trabalho e Emprego, comemorando seus 50 anos de exist\u00eancia, com uma participa\u00e7\u00e3o interativa na FISP.<\/p>\n<p><strong>6- Em sua an\u00e1lise, quais as perspectivas para o setor?<\/strong><\/p>\n<p>O setor de EPIs no Brasil vinha crescendo de 9 a 10% ao ano e, apesar da crise da economia brasileira e de seu impacto no setor, o Pa\u00eds ainda tem uma popula\u00e7\u00e3o economicamente ativa de mais de 100 milh\u00f5es de trabalhadores e, portanto, tem tudo para, retomado o crescimento brasileiro, crescer com taxas superiores aos demais setores da economia.<\/p>\n<p><strong>7- N\u00fameros do setor<\/strong><\/p>\n<p>Mesmo com a queda da economia brasileira, somos um setor com faturamento de 4,5 bilh\u00f5es de reais por ano e com potencial de duplicar este faturamento em poucos anos. Temos em nosso mercado empresas locais, multinacionais, importadores e acesso a toda tecnologia necess\u00e1ria para proteger adequadamente nossos trabalhadores. Acreditamos que o Pa\u00eds deva investir mais em educa\u00e7\u00e3o, visando melhorar a conscientiza\u00e7\u00e3o de que a preven\u00e7\u00e3o \u00e9 sempre o melhor caminho e o de menor custo.<\/p>\n<p><strong>Mais informa\u00e7\u00f5es:<\/strong> <a href=\"http:\/\/www.fispvirtual.com.br\" target=\"_blank\">www.fispvirtual.com.br<\/a><br \/>\n<strong>Servi\u00e7o<\/strong><\/p>\n<p><strong>21\u00aa FISP | Feira Internacional de Seguran\u00e7a e Prote\u00e7\u00e3o<br \/>\nEvento Simult\u00e2neo:<\/strong> 12\u00aa\u00a0FIRE\u00a0SHOW\u00a0| International Fire Fair<br \/>\n<strong>Data:<\/strong> 05 a 07 de outubro de 2016, das 13h \u00e0s 21h<br \/>\n<strong>Local:<\/strong> S\u00e3o Paulo Expo Exhibition &amp; Convention Center<br \/>\n<strong>Endere\u00e7o:<\/strong> Rodovia dos Imigrantes, Km 1,5 \u2013 S\u00e3o Paulo \u2013 SP \u2013 Brasil<br \/>\n<strong>Transporte gratuito:<\/strong> Rua Nelson Fernandes, 450 \u2013 Acesso pelo Terminal Rodovi\u00e1rio Jabaquara<br \/>\n* Evento gratuito para profissionais do setor<br \/>\nSobre a Cipa Fiera Milano<\/p>\n<p>A Cipa Fiera Milano \u00e9 especializada em feiras de neg\u00f3cios e publica\u00e7\u00f5es t\u00e9cnicas, tendo como objetivo aproximar organiza\u00e7\u00f5es e criar oportunidades de relacionamentos por meio da realiza\u00e7\u00e3o de grandes feiras e publica\u00e7\u00f5es de revistas segmentadas na Am\u00e9rica Latina.<br \/>\nFiera Milano no Mundo<\/p>\n<p>Localizada em Mil\u00e3o &#8211; It\u00e1lia, a Fiera Milano \u00e9 l\u00edder de mercado nos segmentos de feiras e congressos, tanto em n\u00famero de visitantes e expositores, quanto na excel\u00eancia das exposi\u00e7\u00f5es. Com escrit\u00f3rios em oito pa\u00edses ao redor do mundo, a Fiera Milano possui um portf\u00f3lio que se destaca das demais promotoras de feiras em termos de gama de setores econ\u00f4micos representados e qualidade dos eventos. A cada ano suas exposi\u00e7\u00f5es atraem mais de 30 mil expositores e cinco milh\u00f5es de visitantes.<\/p>\n<p><strong><br \/>\nFonte:<\/strong>\u00a0<a href=\"http:\/\/www.segs.com.br\/eventos\/28709-raul-casanova-diretor-executivo-da-animaseg-fala-sobre-o-mercado-de-seguranca-e-saude-no-trabalho-as-expectativas-para-a-fisp-2016.html\" target=\"_blank\">Segs<\/a><br \/>\n<strong>Data:<\/strong>\u00a010\/08\/2016<\/p>\n","protected":false},"excerpt":{"rendered":"<p>O diretor executivo da Associa\u00e7\u00e3o Nacional da Ind\u00fastria de Material de Seguran\u00e7a e Prote\u00e7\u00e3o ao Trabalho (ANIMASEG) fala sobre o panorama do mercado e as expectativas para a 21\u00aa edi\u00e7\u00e3o da FISP | Feira Internacional de Seguran\u00e7a e Prote\u00e7\u00e3o. Com a mais completa plataforma de neg\u00f3cios para seguran\u00e7a e sa\u00fade no trabalho, o evento acontece [&hellip;]<\/p>\n","protected":false},"author":2,"featured_media":0,"comment_status":"closed","ping_status":"open","sticky":false,"template":"","format":"standard","meta":{"_joinchat":[],"footnotes":""},"categories":[4],"tags":[],"class_list":["post-1776","post","type-post","status-publish","format-standard","hentry","category-noticias"],"yoast_head":"<!-- This site is optimized with the Yoast SEO plugin v18.1 - https:\/\/yoast.com\/wordpress\/plugins\/seo\/ -->\n<title>Raul Casanova, diretor executivo da ANIMASEG, fala sobre o mercado de seguran\u00e7a e sa\u00fade no trabalho as expectativas para a FISP 2016 - Fire Show<\/title>\n<meta name=\"robots\" content=\"index, follow, max-snippet:-1, max-image-preview:large, max-video-preview:-1\" \/>\n<link rel=\"canonical\" href=\"https:\/\/fireshow.com.br\/?p=1776\" \/>\n<meta property=\"og:locale\" content=\"pt_BR\" \/>\n<meta property=\"og:type\" content=\"article\" \/>\n<meta property=\"og:title\" content=\"Raul Casanova, diretor executivo da ANIMASEG, fala sobre o mercado de seguran\u00e7a e sa\u00fade no trabalho as expectativas para a FISP 2016 - Fire Show\" \/>\n<meta property=\"og:description\" content=\"O diretor executivo da Associa\u00e7\u00e3o Nacional da Ind\u00fastria de Material de Seguran\u00e7a e Prote\u00e7\u00e3o ao Trabalho (ANIMASEG) fala sobre o panorama do mercado e as expectativas para a 21\u00aa edi\u00e7\u00e3o da FISP | Feira Internacional de Seguran\u00e7a e Prote\u00e7\u00e3o. Com a mais completa plataforma de neg\u00f3cios para seguran\u00e7a e sa\u00fade no trabalho, o evento acontece [&hellip;]\" \/>\n<meta property=\"og:url\" content=\"https:\/\/fireshow.com.br\/?p=1776\" \/>\n<meta property=\"og:site_name\" content=\"Fire Show\" \/>\n<meta property=\"article:publisher\" content=\"https:\/\/www.facebook.com\/Fire-Show-1113145285392042\/\" \/>\n<meta property=\"article:published_time\" content=\"2016-08-11T20:54:37+00:00\" \/>\n<meta property=\"article:modified_time\" content=\"2016-08-11T20:55:58+00:00\" \/>\n<meta name=\"twitter:card\" content=\"summary_large_image\" \/>\n<meta name=\"twitter:creator\" content=\"@feirafireshow\" \/>\n<meta name=\"twitter:site\" content=\"@feirafireshow\" \/>\n<meta name=\"twitter:label1\" content=\"Escrito por\" \/>\n\t<meta name=\"twitter:data1\" content=\"Leandro Ursulano\" \/>\n\t<meta name=\"twitter:label2\" content=\"Est. tempo de leitura\" \/>\n\t<meta name=\"twitter:data2\" content=\"4 minutos\" \/>\n<script type=\"application\/ld+json\" class=\"yoast-schema-graph\">{\"@context\":\"https:\/\/schema.org\",\"@graph\":[{\"@type\":\"Organization\",\"@id\":\"https:\/\/fireshow.com.br\/#organization\",\"name\":\"Fire Show - International Fire Fair\",\"url\":\"https:\/\/fireshow.com.br\/\",\"sameAs\":[\"https:\/\/www.facebook.com\/Fire-Show-1113145285392042\/\",\"https:\/\/www.instagram.com\/fireshowbrasil\/\",\"https:\/\/www.youtube.com\/channel\/UCcrepgp7vdG5UxMwei4-OjA\",\"https:\/\/twitter.com\/feirafireshow\"],\"logo\":{\"@type\":\"ImageObject\",\"@id\":\"https:\/\/fireshow.com.br\/#logo\",\"inLanguage\":\"pt-BR\",\"url\":\"https:\/\/glorious-green-crane.72-61-35-14.cpanel.site\/wp-content\/uploads\/2017\/11\/favicon-fireshow.png\",\"contentUrl\":\"https:\/\/glorious-green-crane.72-61-35-14.cpanel.site\/wp-content\/uploads\/2017\/11\/favicon-fireshow.png\",\"width\":250,\"height\":250,\"caption\":\"Fire Show - International Fire Fair\"},\"image\":{\"@id\":\"https:\/\/fireshow.com.br\/#logo\"}},{\"@type\":\"WebSite\",\"@id\":\"https:\/\/fireshow.com.br\/#website\",\"url\":\"https:\/\/fireshow.com.br\/\",\"name\":\"Fire Show\",\"description\":\"International Fire Fair\",\"publisher\":{\"@id\":\"https:\/\/fireshow.com.br\/#organization\"},\"potentialAction\":[{\"@type\":\"SearchAction\",\"target\":{\"@type\":\"EntryPoint\",\"urlTemplate\":\"https:\/\/fireshow.com.br\/?s={search_term_string}\"},\"query-input\":\"required name=search_term_string\"}],\"inLanguage\":\"pt-BR\"},{\"@type\":\"WebPage\",\"@id\":\"https:\/\/fireshow.com.br\/?p=1776#webpage\",\"url\":\"https:\/\/fireshow.com.br\/?p=1776\",\"name\":\"Raul Casanova, diretor executivo da ANIMASEG, fala sobre o mercado de seguran\u00e7a e sa\u00fade no trabalho as expectativas para a FISP 2016 - Fire Show\",\"isPartOf\":{\"@id\":\"https:\/\/fireshow.com.br\/#website\"},\"datePublished\":\"2016-08-11T20:54:37+00:00\",\"dateModified\":\"2016-08-11T20:55:58+00:00\",\"breadcrumb\":{\"@id\":\"https:\/\/fireshow.com.br\/?p=1776#breadcrumb\"},\"inLanguage\":\"pt-BR\",\"potentialAction\":[{\"@type\":\"ReadAction\",\"target\":[\"https:\/\/fireshow.com.br\/?p=1776\"]}]},{\"@type\":\"BreadcrumbList\",\"@id\":\"https:\/\/fireshow.com.br\/?p=1776#breadcrumb\",\"itemListElement\":[{\"@type\":\"ListItem\",\"position\":1,\"name\":\"In\u00edcio\",\"item\":\"https:\/\/fireshow.com.br\/\"},{\"@type\":\"ListItem\",\"position\":2,\"name\":\"Raul Casanova, diretor executivo da ANIMASEG, fala sobre o mercado de seguran\u00e7a e sa\u00fade no trabalho as expectativas para a FISP 2016\"}]},{\"@type\":\"Article\",\"@id\":\"https:\/\/fireshow.com.br\/?p=1776#article\",\"isPartOf\":{\"@id\":\"https:\/\/fireshow.com.br\/?p=1776#webpage\"},\"author\":{\"@id\":\"https:\/\/fireshow.com.br\/#\/schema\/person\/23ba51fa397ba7c48799a9a8d61aca4f\"},\"headline\":\"Raul Casanova, diretor executivo da ANIMASEG, fala sobre o mercado de seguran\u00e7a e sa\u00fade no trabalho as expectativas para a FISP 2016\",\"datePublished\":\"2016-08-11T20:54:37+00:00\",\"dateModified\":\"2016-08-11T20:55:58+00:00\",\"mainEntityOfPage\":{\"@id\":\"https:\/\/fireshow.com.br\/?p=1776#webpage\"},\"wordCount\":882,\"publisher\":{\"@id\":\"https:\/\/fireshow.com.br\/#organization\"},\"articleSection\":[\"Saiu na m\u00eddia\"],\"inLanguage\":\"pt-BR\"},{\"@type\":\"Person\",\"@id\":\"https:\/\/fireshow.com.br\/#\/schema\/person\/23ba51fa397ba7c48799a9a8d61aca4f\",\"name\":\"Leandro Ursulano\",\"image\":{\"@type\":\"ImageObject\",\"@id\":\"https:\/\/fireshow.com.br\/#personlogo\",\"inLanguage\":\"pt-BR\",\"url\":\"https:\/\/secure.gravatar.com\/avatar\/246fc6654ab3233313a8a97f3641eddda2edde74a6d58daec00b4536f20ccf40?s=96&d=mm&r=g\",\"contentUrl\":\"https:\/\/secure.gravatar.com\/avatar\/246fc6654ab3233313a8a97f3641eddda2edde74a6d58daec00b4536f20ccf40?s=96&d=mm&r=g\",\"caption\":\"Leandro Ursulano\"}}]}<\/script>\n<!-- \/ Yoast SEO plugin. -->","yoast_head_json":{"title":"Raul Casanova, diretor executivo da ANIMASEG, fala sobre o mercado de seguran\u00e7a e sa\u00fade no trabalho as expectativas para a FISP 2016 - Fire Show","robots":{"index":"index","follow":"follow","max-snippet":"max-snippet:-1","max-image-preview":"max-image-preview:large","max-video-preview":"max-video-preview:-1"},"canonical":"https:\/\/fireshow.com.br\/?p=1776","og_locale":"pt_BR","og_type":"article","og_title":"Raul Casanova, diretor executivo da ANIMASEG, fala sobre o mercado de seguran\u00e7a e sa\u00fade no trabalho as expectativas para a FISP 2016 - Fire Show","og_description":"O diretor executivo da Associa\u00e7\u00e3o Nacional da Ind\u00fastria de Material de Seguran\u00e7a e Prote\u00e7\u00e3o ao Trabalho (ANIMASEG) fala sobre o panorama do mercado e as expectativas para a 21\u00aa edi\u00e7\u00e3o da FISP | Feira Internacional de Seguran\u00e7a e Prote\u00e7\u00e3o. Com a mais completa plataforma de neg\u00f3cios para seguran\u00e7a e sa\u00fade no trabalho, o evento acontece [&hellip;]","og_url":"https:\/\/fireshow.com.br\/?p=1776","og_site_name":"Fire Show","article_publisher":"https:\/\/www.facebook.com\/Fire-Show-1113145285392042\/","article_published_time":"2016-08-11T20:54:37+00:00","article_modified_time":"2016-08-11T20:55:58+00:00","twitter_card":"summary_large_image","twitter_creator":"@feirafireshow","twitter_site":"@feirafireshow","twitter_misc":{"Escrito por":"Leandro Ursulano","Est. tempo de leitura":"4 minutos"},"schema":{"@context":"https:\/\/schema.org","@graph":[{"@type":"Organization","@id":"https:\/\/fireshow.com.br\/#organization","name":"Fire Show - International Fire Fair","url":"https:\/\/fireshow.com.br\/","sameAs":["https:\/\/www.facebook.com\/Fire-Show-1113145285392042\/","https:\/\/www.instagram.com\/fireshowbrasil\/","https:\/\/www.youtube.com\/channel\/UCcrepgp7vdG5UxMwei4-OjA","https:\/\/twitter.com\/feirafireshow"],"logo":{"@type":"ImageObject","@id":"https:\/\/fireshow.com.br\/#logo","inLanguage":"pt-BR","url":"https:\/\/glorious-green-crane.72-61-35-14.cpanel.site\/wp-content\/uploads\/2017\/11\/favicon-fireshow.png","contentUrl":"https:\/\/glorious-green-crane.72-61-35-14.cpanel.site\/wp-content\/uploads\/2017\/11\/favicon-fireshow.png","width":250,"height":250,"caption":"Fire Show - International Fire Fair"},"image":{"@id":"https:\/\/fireshow.com.br\/#logo"}},{"@type":"WebSite","@id":"https:\/\/fireshow.com.br\/#website","url":"https:\/\/fireshow.com.br\/","name":"Fire Show","description":"International Fire Fair","publisher":{"@id":"https:\/\/fireshow.com.br\/#organization"},"potentialAction":[{"@type":"SearchAction","target":{"@type":"EntryPoint","urlTemplate":"https:\/\/fireshow.com.br\/?s={search_term_string}"},"query-input":"required name=search_term_string"}],"inLanguage":"pt-BR"},{"@type":"WebPage","@id":"https:\/\/fireshow.com.br\/?p=1776#webpage","url":"https:\/\/fireshow.com.br\/?p=1776","name":"Raul Casanova, diretor executivo da ANIMASEG, fala sobre o mercado de seguran\u00e7a e sa\u00fade no trabalho as expectativas para a FISP 2016 - Fire Show","isPartOf":{"@id":"https:\/\/fireshow.com.br\/#website"},"datePublished":"2016-08-11T20:54:37+00:00","dateModified":"2016-08-11T20:55:58+00:00","breadcrumb":{"@id":"https:\/\/fireshow.com.br\/?p=1776#breadcrumb"},"inLanguage":"pt-BR","potentialAction":[{"@type":"ReadAction","target":["https:\/\/fireshow.com.br\/?p=1776"]}]},{"@type":"BreadcrumbList","@id":"https:\/\/fireshow.com.br\/?p=1776#breadcrumb","itemListElement":[{"@type":"ListItem","position":1,"name":"In\u00edcio","item":"https:\/\/fireshow.com.br\/"},{"@type":"ListItem","position":2,"name":"Raul Casanova, diretor executivo da ANIMASEG, fala sobre o mercado de seguran\u00e7a e sa\u00fade no trabalho as expectativas para a FISP 2016"}]},{"@type":"Article","@id":"https:\/\/fireshow.com.br\/?p=1776#article","isPartOf":{"@id":"https:\/\/fireshow.com.br\/?p=1776#webpage"},"author":{"@id":"https:\/\/fireshow.com.br\/#\/schema\/person\/23ba51fa397ba7c48799a9a8d61aca4f"},"headline":"Raul Casanova, diretor executivo da ANIMASEG, fala sobre o mercado de seguran\u00e7a e sa\u00fade no trabalho as expectativas para a FISP 2016","datePublished":"2016-08-11T20:54:37+00:00","dateModified":"2016-08-11T20:55:58+00:00","mainEntityOfPage":{"@id":"https:\/\/fireshow.com.br\/?p=1776#webpage"},"wordCount":882,"publisher":{"@id":"https:\/\/fireshow.com.br\/#organization"},"articleSection":["Saiu na m\u00eddia"],"inLanguage":"pt-BR"},{"@type":"Person","@id":"https:\/\/fireshow.com.br\/#\/schema\/person\/23ba51fa397ba7c48799a9a8d61aca4f","name":"Leandro Ursulano","image":{"@type":"ImageObject","@id":"https:\/\/fireshow.com.br\/#personlogo","inLanguage":"pt-BR","url":"https:\/\/secure.gravatar.com\/avatar\/246fc6654ab3233313a8a97f3641eddda2edde74a6d58daec00b4536f20ccf40?s=96&d=mm&r=g","contentUrl":"https:\/\/secure.gravatar.com\/avatar\/246fc6654ab3233313a8a97f3641eddda2edde74a6d58daec00b4536f20ccf40?s=96&d=mm&r=g","caption":"Leandro Ursulano"}}]}},"_links":{"self":[{"href":"https:\/\/fireshow.com.br\/index.php?rest_route=\/wp\/v2\/posts\/1776","targetHints":{"allow":["GET"]}}],"collection":[{"href":"https:\/\/fireshow.com.br\/index.php?rest_route=\/wp\/v2\/posts"}],"about":[{"href":"https:\/\/fireshow.com.br\/index.php?rest_route=\/wp\/v2\/types\/post"}],"author":[{"embeddable":true,"href":"https:\/\/fireshow.com.br\/index.php?rest_route=\/wp\/v2\/users\/2"}],"replies":[{"embeddable":true,"href":"https:\/\/fireshow.com.br\/index.php?rest_route=%2Fwp%2Fv2%2Fcomments&post=1776"}],"version-history":[{"count":2,"href":"https:\/\/fireshow.com.br\/index.php?rest_route=\/wp\/v2\/posts\/1776\/revisions"}],"predecessor-version":[{"id":1778,"href":"https:\/\/fireshow.com.br\/index.php?rest_route=\/wp\/v2\/posts\/1776\/revisions\/1778"}],"wp:attachment":[{"href":"https:\/\/fireshow.com.br\/index.php?rest_route=%2Fwp%2Fv2%2Fmedia&parent=1776"}],"wp:term":[{"taxonomy":"category","embeddable":true,"href":"https:\/\/fireshow.com.br\/index.php?rest_route=%2Fwp%2Fv2%2Fcategories&post=1776"},{"taxonomy":"post_tag","embeddable":true,"href":"https:\/\/fireshow.com.br\/index.php?rest_route=%2Fwp%2Fv2%2Ftags&post=1776"}],"curies":[{"name":"wp","href":"https:\/\/api.w.org\/{rel}","templated":true}]}}