{"id":1774,"date":"2016-08-10T18:31:03","date_gmt":"2016-08-10T18:31:03","guid":{"rendered":"https:\/\/glorious-green-crane.72-61-35-14.cpanel.site\/?p=1774"},"modified":"2016-08-10T18:31:03","modified_gmt":"2016-08-10T18:31:03","slug":"fisp-2016-debate-a-importancia-da-seguranca-e-protecao-no-trabalho-e-apresenta-novidades-para-o-setor-2","status":"publish","type":"post","link":"https:\/\/fireshow.com.br\/?p=1774","title":{"rendered":"FISP 2016 debate a import\u00e2ncia da seguran\u00e7a e prote\u00e7\u00e3o no trabalho e apresenta novidades para o setor"},"content":{"rendered":"<p>A <strong>FISP | Feira Internacional de Seguran\u00e7a e Prote\u00e7\u00e3o<\/strong>, maior evento voltado para o setor de seguran\u00e7a e sa\u00fade no trabalho da Am\u00e9rica Latina, chega \u00e0 sua 21\u00aa edi\u00e7\u00e3o trazendo aos profissionais que atuam na \u00e1rea prevencionista uma oportunidade \u00fanica de atualiza\u00e7\u00e3o. A feira acontece de 05 a 07 de outubro de 2016, no S\u00e3o Paulo Expo, em S\u00e3o Paulo.<\/p>\n<p>Ao longo de tr\u00eas dias ser\u00e1 apresentada uma extensa programa\u00e7\u00e3o de semin\u00e1rios, debates, workshops e cursos para aprimorar conhecimentos t\u00e9cnicos, al\u00e9m da exposi\u00e7\u00e3o das \u00faltimas tecnologias em produtos e servi\u00e7os dispon\u00edveis no mercado. Entre as solu\u00e7\u00f5es estar\u00e3o na mostra novidades para preven\u00e7\u00e3o de acidentes para trabalho com risco de queda, risco el\u00e9trico, risco de corte e em local confinado, vestimentas especiais (tecidos com nanotecnologia, repel\u00eancia \u00e0 \u00e1gua e \u00f3leo, retardante \u00e0 chama, prote\u00e7\u00e3o antimosquito, prote\u00e7\u00e3o solar e antiodor); prote\u00e7\u00e3o da face (protetores auditivos e respirat\u00f3rios, \u00f3culos e capacetes); luvas de seguran\u00e7a para diversos setores da ind\u00fastria, cal\u00e7ados, cintas ergon\u00f4micas e cremes de prote\u00e7\u00e3o, entre outros.<\/p>\n<p>Com a inclus\u00e3o de novos setores, voltados \u00e0s \u00e1reas de meio ambiente e viatura de resgate, a FISP oferece a mais completa plataforma de neg\u00f3cios para seguran\u00e7a e sa\u00fade no trabalho. S\u00e3o esperados mais de 50 mil visitantes entre profissionais de enfermagem, m\u00e9dicos, psic\u00f3logos, fonoaudi\u00f3logos, engenheiros e t\u00e9cnicos de seguran\u00e7a do trabalho, inspetores de risco, seguran\u00e7a patrimonial, cipeiros e bombeiros, al\u00e9m de gerentes, diretores, compradores e distribuidores de diversos setores.<\/p>\n<p>A FISP \u00e9 promovida pela Cipa Fiera Milano com realiza\u00e7\u00e3o da Associa\u00e7\u00e3o Brasileira dos Distribuidores e Importadores de Equipamentos e Produtos de Seguran\u00e7a e Prote\u00e7\u00e3o ao Trabalho (ABRASEG), Associa\u00e7\u00e3o Nacional da Ind\u00fastria de Material de Seguran\u00e7a e Prote\u00e7\u00e3o ao Trabalho (ANIMASEG) e o Sindicato da Ind\u00fastria de Material de Seguran\u00e7a (SINDISEG).<\/p>\n<p>Fortalecendo ainda mais a sinergia de neg\u00f3cios, para visitantes e expositores, em paralelo, acontecer\u00e1 a 12\u00aa edi\u00e7\u00e3o da\u00a0FIRE\u00a0SHOW\u00a0| International Fire Fair, trazendo as mais recentes tecnologias para o mercado de preven\u00e7\u00e3o e combate a inc\u00eandio, com realiza\u00e7\u00e3o da Associa\u00e7\u00e3o Brasileira das Ind\u00fastrias de Equipamentos Contra Inc\u00eandios e Cilindros de Alta Press\u00e3o (ABIEX). Em conjunto, os eventos reunir\u00e3o 700 expositores, em \u00e1rea de 42 mil m2, com expectativa de atrair 50 mil profissionais do setor.<\/p>\n<p><strong>Mais informa\u00e7\u00f5es:<\/strong> <a href=\"http:\/\/www.fispvirtual.com.br\" target=\"_blank\">www.fispvirtual.com.br<\/a><br \/>\n<strong>Servi\u00e7o<\/strong><\/p>\n<p><strong>21\u00aa FISP | Feira Internacional de Seguran\u00e7a e Prote\u00e7\u00e3o<\/strong><br \/>\n<strong>Evento Simult\u00e2neo:<\/strong> 12\u00aa\u00a0FIRE\u00a0SHOW\u00a0| International Fire Fair<br \/>\n<strong>Data:<\/strong> 05 a 07 de outubro de 2016, das 13h \u00e0s 21h<br \/>\n<strong>Local:<\/strong> S\u00e3o Paulo Expo Exhibition &amp; Convention Center<br \/>\n<strong>Endere\u00e7o:<\/strong> Rodovia dos Imigrantes, Km 1,5 &#8221; S\u00e3o Paulo &#8221; SP &#8221; Brasil<br \/>\n<strong>Transporte gratuito:<\/strong> Rua Nelson Fernandes, 450 &#8221; Acesso pelo Terminal Rodovi\u00e1rio Jabaquara<br \/>\n* Evento gratuito para profissionais do setor<br \/>\n<strong>Sobre a Cipa Fiera Milano<\/strong><\/p>\n<p>A Cipa Fiera Milano \u00e9 especializada em feiras de neg\u00f3cios e publica\u00e7\u00f5es t\u00e9cnicas, tendo como objetivo aproximar organiza\u00e7\u00f5es e criar oportunidades de relacionamentos por meio da realiza\u00e7\u00e3o de grandes feiras e publica\u00e7\u00f5es de revistas segmentadas na Am\u00e9rica Latina.<br \/>\n<strong>Fiera Milano no Mundo<\/strong><\/p>\n<p>Localizada em Mil\u00e3o &#8211; It\u00e1lia, a Fiera Milano \u00e9 l\u00edder de mercado nos segmentos de feiras e congressos, tanto em n\u00famero de visitantes e expositores, quanto na excel\u00eancia das exposi\u00e7\u00f5es. Com escrit\u00f3rios em oito pa\u00edses ao redor do mundo, a Fiera Milano possui um portf\u00f3lio que se destaca das demais promotoras de feiras em termos de gama de setores econ\u00f4micos representados e qualidade dos eventos. A cada ano suas exposi\u00e7\u00f5es atraem mais de 30 mil expositores e cinco milh\u00f5es de visitantes.<\/p>\n<p>&nbsp;<\/p>\n<p><strong>Fonte:<\/strong>\u00a0<a href=\"http:\/\/www.metalica.com.br\/pg_dinamica\/bin\/pg_dinamica.php?id_pag=88&amp;id_jornal=6467&amp;id_noticia=10484\" target=\"_blank\">Portal Met@lica<br \/>\n<\/a><strong>Data:<\/strong> 08\/08\/2016<\/p>\n","protected":false},"excerpt":{"rendered":"<p>A FISP | Feira Internacional de Seguran\u00e7a e Prote\u00e7\u00e3o, maior evento voltado para o setor de seguran\u00e7a e sa\u00fade no trabalho da Am\u00e9rica Latina, chega \u00e0 sua 21\u00aa edi\u00e7\u00e3o trazendo aos profissionais que atuam na \u00e1rea prevencionista uma oportunidade \u00fanica de atualiza\u00e7\u00e3o. A feira acontece de 05 a 07 de outubro de 2016, no S\u00e3o [&hellip;]<\/p>\n","protected":false},"author":2,"featured_media":0,"comment_status":"closed","ping_status":"open","sticky":false,"template":"","format":"standard","meta":{"_joinchat":[],"footnotes":""},"categories":[4],"tags":[],"class_list":["post-1774","post","type-post","status-publish","format-standard","hentry","category-noticias"],"yoast_head":"<!-- This site is optimized with the Yoast SEO plugin v18.1 - https:\/\/yoast.com\/wordpress\/plugins\/seo\/ -->\n<title>FISP 2016 debate a import\u00e2ncia da seguran\u00e7a e prote\u00e7\u00e3o no trabalho e apresenta novidades para o setor - Fire Show<\/title>\n<meta name=\"robots\" content=\"index, follow, max-snippet:-1, max-image-preview:large, max-video-preview:-1\" \/>\n<link rel=\"canonical\" href=\"https:\/\/fireshow.com.br\/?p=1774\" \/>\n<meta property=\"og:locale\" content=\"pt_BR\" \/>\n<meta property=\"og:type\" content=\"article\" \/>\n<meta property=\"og:title\" content=\"FISP 2016 debate a import\u00e2ncia da seguran\u00e7a e prote\u00e7\u00e3o no trabalho e apresenta novidades para o setor - Fire Show\" \/>\n<meta property=\"og:description\" content=\"A FISP | Feira Internacional de Seguran\u00e7a e Prote\u00e7\u00e3o, maior evento voltado para o setor de seguran\u00e7a e sa\u00fade no trabalho da Am\u00e9rica Latina, chega \u00e0 sua 21\u00aa edi\u00e7\u00e3o trazendo aos profissionais que atuam na \u00e1rea prevencionista uma oportunidade \u00fanica de atualiza\u00e7\u00e3o. A feira acontece de 05 a 07 de outubro de 2016, no S\u00e3o [&hellip;]\" \/>\n<meta property=\"og:url\" content=\"https:\/\/fireshow.com.br\/?p=1774\" \/>\n<meta property=\"og:site_name\" content=\"Fire Show\" \/>\n<meta property=\"article:publisher\" content=\"https:\/\/www.facebook.com\/Fire-Show-1113145285392042\/\" \/>\n<meta property=\"article:published_time\" content=\"2016-08-10T18:31:03+00:00\" \/>\n<meta name=\"twitter:card\" content=\"summary_large_image\" \/>\n<meta name=\"twitter:creator\" content=\"@feirafireshow\" \/>\n<meta name=\"twitter:site\" content=\"@feirafireshow\" \/>\n<meta name=\"twitter:label1\" content=\"Escrito por\" \/>\n\t<meta name=\"twitter:data1\" content=\"Leandro Ursulano\" \/>\n\t<meta name=\"twitter:label2\" content=\"Est. tempo de leitura\" \/>\n\t<meta name=\"twitter:data2\" content=\"3 minutos\" \/>\n<script type=\"application\/ld+json\" class=\"yoast-schema-graph\">{\"@context\":\"https:\/\/schema.org\",\"@graph\":[{\"@type\":\"Organization\",\"@id\":\"https:\/\/fireshow.com.br\/#organization\",\"name\":\"Fire Show - International Fire Fair\",\"url\":\"https:\/\/fireshow.com.br\/\",\"sameAs\":[\"https:\/\/www.facebook.com\/Fire-Show-1113145285392042\/\",\"https:\/\/www.instagram.com\/fireshowbrasil\/\",\"https:\/\/www.youtube.com\/channel\/UCcrepgp7vdG5UxMwei4-OjA\",\"https:\/\/twitter.com\/feirafireshow\"],\"logo\":{\"@type\":\"ImageObject\",\"@id\":\"https:\/\/fireshow.com.br\/#logo\",\"inLanguage\":\"pt-BR\",\"url\":\"https:\/\/glorious-green-crane.72-61-35-14.cpanel.site\/wp-content\/uploads\/2017\/11\/favicon-fireshow.png\",\"contentUrl\":\"https:\/\/glorious-green-crane.72-61-35-14.cpanel.site\/wp-content\/uploads\/2017\/11\/favicon-fireshow.png\",\"width\":250,\"height\":250,\"caption\":\"Fire Show - International Fire Fair\"},\"image\":{\"@id\":\"https:\/\/fireshow.com.br\/#logo\"}},{\"@type\":\"WebSite\",\"@id\":\"https:\/\/fireshow.com.br\/#website\",\"url\":\"https:\/\/fireshow.com.br\/\",\"name\":\"Fire Show\",\"description\":\"International Fire Fair\",\"publisher\":{\"@id\":\"https:\/\/fireshow.com.br\/#organization\"},\"potentialAction\":[{\"@type\":\"SearchAction\",\"target\":{\"@type\":\"EntryPoint\",\"urlTemplate\":\"https:\/\/fireshow.com.br\/?s={search_term_string}\"},\"query-input\":\"required name=search_term_string\"}],\"inLanguage\":\"pt-BR\"},{\"@type\":\"WebPage\",\"@id\":\"https:\/\/fireshow.com.br\/?p=1774#webpage\",\"url\":\"https:\/\/fireshow.com.br\/?p=1774\",\"name\":\"FISP 2016 debate a import\u00e2ncia da seguran\u00e7a e prote\u00e7\u00e3o no trabalho e apresenta novidades para o setor - Fire Show\",\"isPartOf\":{\"@id\":\"https:\/\/fireshow.com.br\/#website\"},\"datePublished\":\"2016-08-10T18:31:03+00:00\",\"dateModified\":\"2016-08-10T18:31:03+00:00\",\"breadcrumb\":{\"@id\":\"https:\/\/fireshow.com.br\/?p=1774#breadcrumb\"},\"inLanguage\":\"pt-BR\",\"potentialAction\":[{\"@type\":\"ReadAction\",\"target\":[\"https:\/\/fireshow.com.br\/?p=1774\"]}]},{\"@type\":\"BreadcrumbList\",\"@id\":\"https:\/\/fireshow.com.br\/?p=1774#breadcrumb\",\"itemListElement\":[{\"@type\":\"ListItem\",\"position\":1,\"name\":\"In\u00edcio\",\"item\":\"https:\/\/fireshow.com.br\/\"},{\"@type\":\"ListItem\",\"position\":2,\"name\":\"FISP 2016 debate a import\u00e2ncia da seguran\u00e7a e prote\u00e7\u00e3o no trabalho e apresenta novidades para o setor\"}]},{\"@type\":\"Article\",\"@id\":\"https:\/\/fireshow.com.br\/?p=1774#article\",\"isPartOf\":{\"@id\":\"https:\/\/fireshow.com.br\/?p=1774#webpage\"},\"author\":{\"@id\":\"https:\/\/fireshow.com.br\/#\/schema\/person\/23ba51fa397ba7c48799a9a8d61aca4f\"},\"headline\":\"FISP 2016 debate a import\u00e2ncia da seguran\u00e7a e prote\u00e7\u00e3o no trabalho e apresenta novidades para o setor\",\"datePublished\":\"2016-08-10T18:31:03+00:00\",\"dateModified\":\"2016-08-10T18:31:03+00:00\",\"mainEntityOfPage\":{\"@id\":\"https:\/\/fireshow.com.br\/?p=1774#webpage\"},\"wordCount\":652,\"publisher\":{\"@id\":\"https:\/\/fireshow.com.br\/#organization\"},\"articleSection\":[\"Saiu na m\u00eddia\"],\"inLanguage\":\"pt-BR\"},{\"@type\":\"Person\",\"@id\":\"https:\/\/fireshow.com.br\/#\/schema\/person\/23ba51fa397ba7c48799a9a8d61aca4f\",\"name\":\"Leandro Ursulano\",\"image\":{\"@type\":\"ImageObject\",\"@id\":\"https:\/\/fireshow.com.br\/#personlogo\",\"inLanguage\":\"pt-BR\",\"url\":\"https:\/\/secure.gravatar.com\/avatar\/246fc6654ab3233313a8a97f3641eddda2edde74a6d58daec00b4536f20ccf40?s=96&d=mm&r=g\",\"contentUrl\":\"https:\/\/secure.gravatar.com\/avatar\/246fc6654ab3233313a8a97f3641eddda2edde74a6d58daec00b4536f20ccf40?s=96&d=mm&r=g\",\"caption\":\"Leandro Ursulano\"}}]}<\/script>\n<!-- \/ Yoast SEO plugin. -->","yoast_head_json":{"title":"FISP 2016 debate a import\u00e2ncia da seguran\u00e7a e prote\u00e7\u00e3o no trabalho e apresenta novidades para o setor - Fire Show","robots":{"index":"index","follow":"follow","max-snippet":"max-snippet:-1","max-image-preview":"max-image-preview:large","max-video-preview":"max-video-preview:-1"},"canonical":"https:\/\/fireshow.com.br\/?p=1774","og_locale":"pt_BR","og_type":"article","og_title":"FISP 2016 debate a import\u00e2ncia da seguran\u00e7a e prote\u00e7\u00e3o no trabalho e apresenta novidades para o setor - Fire Show","og_description":"A FISP | Feira Internacional de Seguran\u00e7a e Prote\u00e7\u00e3o, maior evento voltado para o setor de seguran\u00e7a e sa\u00fade no trabalho da Am\u00e9rica Latina, chega \u00e0 sua 21\u00aa edi\u00e7\u00e3o trazendo aos profissionais que atuam na \u00e1rea prevencionista uma oportunidade \u00fanica de atualiza\u00e7\u00e3o. A feira acontece de 05 a 07 de outubro de 2016, no S\u00e3o [&hellip;]","og_url":"https:\/\/fireshow.com.br\/?p=1774","og_site_name":"Fire Show","article_publisher":"https:\/\/www.facebook.com\/Fire-Show-1113145285392042\/","article_published_time":"2016-08-10T18:31:03+00:00","twitter_card":"summary_large_image","twitter_creator":"@feirafireshow","twitter_site":"@feirafireshow","twitter_misc":{"Escrito por":"Leandro Ursulano","Est. tempo de leitura":"3 minutos"},"schema":{"@context":"https:\/\/schema.org","@graph":[{"@type":"Organization","@id":"https:\/\/fireshow.com.br\/#organization","name":"Fire Show - International Fire Fair","url":"https:\/\/fireshow.com.br\/","sameAs":["https:\/\/www.facebook.com\/Fire-Show-1113145285392042\/","https:\/\/www.instagram.com\/fireshowbrasil\/","https:\/\/www.youtube.com\/channel\/UCcrepgp7vdG5UxMwei4-OjA","https:\/\/twitter.com\/feirafireshow"],"logo":{"@type":"ImageObject","@id":"https:\/\/fireshow.com.br\/#logo","inLanguage":"pt-BR","url":"https:\/\/glorious-green-crane.72-61-35-14.cpanel.site\/wp-content\/uploads\/2017\/11\/favicon-fireshow.png","contentUrl":"https:\/\/glorious-green-crane.72-61-35-14.cpanel.site\/wp-content\/uploads\/2017\/11\/favicon-fireshow.png","width":250,"height":250,"caption":"Fire Show - International Fire Fair"},"image":{"@id":"https:\/\/fireshow.com.br\/#logo"}},{"@type":"WebSite","@id":"https:\/\/fireshow.com.br\/#website","url":"https:\/\/fireshow.com.br\/","name":"Fire Show","description":"International Fire Fair","publisher":{"@id":"https:\/\/fireshow.com.br\/#organization"},"potentialAction":[{"@type":"SearchAction","target":{"@type":"EntryPoint","urlTemplate":"https:\/\/fireshow.com.br\/?s={search_term_string}"},"query-input":"required name=search_term_string"}],"inLanguage":"pt-BR"},{"@type":"WebPage","@id":"https:\/\/fireshow.com.br\/?p=1774#webpage","url":"https:\/\/fireshow.com.br\/?p=1774","name":"FISP 2016 debate a import\u00e2ncia da seguran\u00e7a e prote\u00e7\u00e3o no trabalho e apresenta novidades para o setor - Fire Show","isPartOf":{"@id":"https:\/\/fireshow.com.br\/#website"},"datePublished":"2016-08-10T18:31:03+00:00","dateModified":"2016-08-10T18:31:03+00:00","breadcrumb":{"@id":"https:\/\/fireshow.com.br\/?p=1774#breadcrumb"},"inLanguage":"pt-BR","potentialAction":[{"@type":"ReadAction","target":["https:\/\/fireshow.com.br\/?p=1774"]}]},{"@type":"BreadcrumbList","@id":"https:\/\/fireshow.com.br\/?p=1774#breadcrumb","itemListElement":[{"@type":"ListItem","position":1,"name":"In\u00edcio","item":"https:\/\/fireshow.com.br\/"},{"@type":"ListItem","position":2,"name":"FISP 2016 debate a import\u00e2ncia da seguran\u00e7a e prote\u00e7\u00e3o no trabalho e apresenta novidades para o setor"}]},{"@type":"Article","@id":"https:\/\/fireshow.com.br\/?p=1774#article","isPartOf":{"@id":"https:\/\/fireshow.com.br\/?p=1774#webpage"},"author":{"@id":"https:\/\/fireshow.com.br\/#\/schema\/person\/23ba51fa397ba7c48799a9a8d61aca4f"},"headline":"FISP 2016 debate a import\u00e2ncia da seguran\u00e7a e prote\u00e7\u00e3o no trabalho e apresenta novidades para o setor","datePublished":"2016-08-10T18:31:03+00:00","dateModified":"2016-08-10T18:31:03+00:00","mainEntityOfPage":{"@id":"https:\/\/fireshow.com.br\/?p=1774#webpage"},"wordCount":652,"publisher":{"@id":"https:\/\/fireshow.com.br\/#organization"},"articleSection":["Saiu na m\u00eddia"],"inLanguage":"pt-BR"},{"@type":"Person","@id":"https:\/\/fireshow.com.br\/#\/schema\/person\/23ba51fa397ba7c48799a9a8d61aca4f","name":"Leandro Ursulano","image":{"@type":"ImageObject","@id":"https:\/\/fireshow.com.br\/#personlogo","inLanguage":"pt-BR","url":"https:\/\/secure.gravatar.com\/avatar\/246fc6654ab3233313a8a97f3641eddda2edde74a6d58daec00b4536f20ccf40?s=96&d=mm&r=g","contentUrl":"https:\/\/secure.gravatar.com\/avatar\/246fc6654ab3233313a8a97f3641eddda2edde74a6d58daec00b4536f20ccf40?s=96&d=mm&r=g","caption":"Leandro Ursulano"}}]}},"_links":{"self":[{"href":"https:\/\/fireshow.com.br\/index.php?rest_route=\/wp\/v2\/posts\/1774","targetHints":{"allow":["GET"]}}],"collection":[{"href":"https:\/\/fireshow.com.br\/index.php?rest_route=\/wp\/v2\/posts"}],"about":[{"href":"https:\/\/fireshow.com.br\/index.php?rest_route=\/wp\/v2\/types\/post"}],"author":[{"embeddable":true,"href":"https:\/\/fireshow.com.br\/index.php?rest_route=\/wp\/v2\/users\/2"}],"replies":[{"embeddable":true,"href":"https:\/\/fireshow.com.br\/index.php?rest_route=%2Fwp%2Fv2%2Fcomments&post=1774"}],"version-history":[{"count":1,"href":"https:\/\/fireshow.com.br\/index.php?rest_route=\/wp\/v2\/posts\/1774\/revisions"}],"predecessor-version":[{"id":1775,"href":"https:\/\/fireshow.com.br\/index.php?rest_route=\/wp\/v2\/posts\/1774\/revisions\/1775"}],"wp:attachment":[{"href":"https:\/\/fireshow.com.br\/index.php?rest_route=%2Fwp%2Fv2%2Fmedia&parent=1774"}],"wp:term":[{"taxonomy":"category","embeddable":true,"href":"https:\/\/fireshow.com.br\/index.php?rest_route=%2Fwp%2Fv2%2Fcategories&post=1774"},{"taxonomy":"post_tag","embeddable":true,"href":"https:\/\/fireshow.com.br\/index.php?rest_route=%2Fwp%2Fv2%2Ftags&post=1774"}],"curies":[{"name":"wp","href":"https:\/\/api.w.org\/{rel}","templated":true}]}}