{"id":10389,"date":"2024-10-24T18:36:30","date_gmt":"2024-10-24T18:36:30","guid":{"rendered":"https:\/\/glorious-green-crane.72-61-35-14.cpanel.site\/?p=10389"},"modified":"2024-10-24T18:36:30","modified_gmt":"2024-10-24T18:36:30","slug":"palestra-desmistifica-o-uso-de-ia-em-seguranca-do-trabalho","status":"publish","type":"post","link":"https:\/\/fireshow.com.br\/?p=10389","title":{"rendered":"Palestra desmistifica o uso de IA em seguran\u00e7a do trabalho"},"content":{"rendered":"<p><span style=\"font-weight: 400;\">Dando continuidade \u00e0 programa\u00e7\u00e3o do 25\u00ba Cobrasemt (Congresso Brasileiro de Seguran\u00e7a e Medicina no Trabalho), Eduardo Ferro, diretor da ABERGO (Associa\u00e7\u00e3o Brasileira de Ergonomia), fez palestra sobre \u201cA revolu\u00e7\u00e3o da Intelig\u00eancia Artificial na \u00e1rea de SST &#8211; Uma Realidade Positiva\u201d, na qual fugiu do alarmismo e tra\u00e7ou um panorama otimista do uso de IA na seguran\u00e7a do trabalho.\u00a0<\/span><\/p>\n<p><span style=\"font-weight: 400;\">O palestrante abriu comentando como a Intelig\u00eancia Artificial \u00e9 retratada no cinema de Hollywood, citando filmes de fic\u00e7\u00e3o cient\u00edfica cuja premissa \u00e9 de que a ferramenta acabaria com o mundo, enquanto, ao seu ver, a realidade \u00e9 muito mais condizente com o desenho Os Jetsons, \u201conde a IA era usada para que os personagens pudessem aproveitar mais momentos em fam\u00edlia\u201d, comentou ele. Em vez de m\u00e1quinas que ir\u00e3o dominar o mundo, o painelista explicou como a Intelig\u00eancia Artificial pode n\u00e3o s\u00f3 substituir a m\u00e3o de obra humana em fun\u00e7\u00f5es consideradas de risco, como tamb\u00e9m fazer c\u00e1lculos que previnem acidentes. \u201cA gente tem sistemas super complexos, mas precisamos de ferramentas que nos ajudem a mapear, a transformar esses dados em informa\u00e7\u00e3o\u201d, acrescentou o palestrante.\u00a0<\/span><\/p>\n<p><span style=\"font-weight: 400;\">Ilustrando como a resist\u00eancia a novas tecnologias sempre acompanhou as principais inova\u00e7\u00f5es da humanidade, foi projetada no tel\u00e3o uma manchete de jornal com a not\u00edcia de um protesto nos EUA que reuniu 6 mil professores contra o uso da calculadora, em 1986. Para encerrar, foi citada a seguinte frase do bi\u00f3logo norte-americano Edward Osborne Wilson: \u201cO verdadeiro problema da humanidade \u00e9 o seguinte: temos emo\u00e7\u00f5es paleol\u00edticas, institui\u00e7\u00f5es medievais e tecnologia divina.<\/span><\/p>\n<p>&nbsp;<\/p>\n<p><b>Servi\u00e7o:<\/b><\/p>\n<p><b>FISP \u2013 24\u00aa Feira Internacional de Seguran\u00e7a e Prote\u00e7\u00e3o |<\/b> <b>Fire Show \u2013 15\u00aa International Fire Fair<\/b><\/p>\n<p><span style=\"font-weight: 400;\">Data: 22 a 24 de outubro<\/span><\/p>\n<p><span style=\"font-weight: 400;\">Hor\u00e1rio: das 13h \u00e0s 21h\u00a0<\/span><\/p>\n<p><span style=\"font-weight: 400;\">Local: S\u00e3o Paulo Expo<\/span><\/p>\n<p><span style=\"font-weight: 400;\">Endere\u00e7o: Rodovia dos Imigrantes, 1,5 km &#8211; Vila \u00c1gua Funda, S\u00e3o Paulo &#8211; SP<\/span><\/p>\n<p><span style=\"font-weight: 400;\">Fotos neste <\/span><a href=\"https:\/\/feirafisp.com.br\/galeria-de-fotos-2024\/\"><span style=\"font-weight: 400;\">link<\/span><\/a><\/p>\n<p><span style=\"font-weight: 400;\">Mais informa\u00e7\u00f5es <\/span><a href=\"https:\/\/feirafisp.com.br\/\"><span style=\"font-weight: 400;\">Fisp<\/span><\/a><span style=\"font-weight: 400;\"> | <\/span><a href=\"https:\/\/glorious-green-crane.72-61-35-14.cpanel.site\/\"><span style=\"font-weight: 400;\">Fire Show<\/span><\/a><span style=\"font-weight: 400;\">\u00a0<\/span><\/p>\n<p>&nbsp;<\/p>\n<p><b>Sobre a Fiera Milano Brasil<\/b><\/p>\n<p><span style=\"font-weight: 400;\">A Fiera Milano Brasil<\/span><span style=\"font-weight: 400;\"> \u00e9 a<\/span><span style=\"font-weight: 400;\"> filial brasileira da Fiera Milano, um dos maiores players de feiras e congressos do mundo que a cada ano atraem aproximadamente 30 mil expositores e mais de cinco milh\u00f5es de visitantes<\/span><span style=\"font-weight: 400;\">. <\/span><span style=\"font-weight: 400;\">No Brasil, s\u00e3o realizadas <\/span><span style=\"font-weight: 400;\">nove<\/span><span style=\"font-weight: 400;\"> feiras que representam os mais diversos segmentos da economia, como seguran\u00e7a, energias limpas e renov\u00e1veis, tubos e conex\u00f5es, cabos, sa\u00fade no trabalho, tecnologias em reabilita\u00e7\u00e3o, inclus\u00e3o e acessibilidade, entre outras. Entre as principais marcas do portf\u00f3lio est\u00e3o Exposec, FISP, Fire Show, Congresso Ecoenergy, <\/span><span style=\"font-weight: 400;\">Tubotech,\u00a0 wire Brasil<\/span><span style=\"font-weight: 400;\">, Fruit\u00a0 Attraction S\u00e3o Paulo, em parceria com IFEMA Madrid, Reatech + Expo Brasil Paral\u00edmpico, em parceria com o Comit\u00ea Paral\u00edmpico Brasileiro (CPB)<\/span><span style=\"font-weight: 400;\">, Esquadria Show, em parceria com N\u00fcrnbergMesse Brasil, TranspoQuip e ExpoParking em parceria com a BMComm. Mais informa\u00e7\u00f5es: <\/span><a href=\"http:\/\/www.fieramilanobrasil.com.br\/\"><span style=\"font-weight: 400;\">www.fieramilanobrasil.com.br<\/span><\/a><\/p>\n<p>&nbsp;<\/p>\n<p><b>Informa\u00e7\u00f5es para Imprensa:<\/b><\/p>\n<p><a href=\"http:\/\/www.2pro.com.br\/\"><span style=\"font-weight: 400;\">2PR\u00d3 Comunica\u00e7\u00e3o<\/span><\/a><span style=\"font-weight: 400;\"> &#8211; Fiera Milano Brasil<\/span><\/p>\n<p><span style=\"font-weight: 400;\">Myrian Vallone | Teresa Silva\u00a0<\/span><\/p>\n<p><span style=\"font-weight: 400;\">e-mail: fieramilano@2pro.com.br<\/span><\/p>\n<p><span style=\"font-weight: 400;\">(11) 3030-9463 | 9404 | (11) 99228-7836<\/span><\/p>\n<p>&nbsp;<\/p>\n","protected":false},"excerpt":{"rendered":"<p>Dando continuidade \u00e0 programa\u00e7\u00e3o do 25\u00ba Cobrasemt (Congresso Brasileiro de Seguran\u00e7a e Medicina no Trabalho), Eduardo Ferro, diretor da ABERGO (Associa\u00e7\u00e3o Brasileira de Ergonomia), fez palestra sobre \u201cA revolu\u00e7\u00e3o da Intelig\u00eancia Artificial na \u00e1rea de SST &#8211; Uma Realidade Positiva\u201d, na qual fugiu do alarmismo e tra\u00e7ou um panorama otimista do uso de IA na [&hellip;]<\/p>\n","protected":false},"author":2,"featured_media":10390,"comment_status":"closed","ping_status":"open","sticky":false,"template":"","format":"standard","meta":{"_joinchat":[],"footnotes":""},"categories":[41],"tags":[],"class_list":["post-10389","post","type-post","status-publish","format-standard","has-post-thumbnail","hentry","category-press-releases-2024"],"yoast_head":"<!-- This site is optimized with the Yoast SEO plugin v18.1 - https:\/\/yoast.com\/wordpress\/plugins\/seo\/ -->\n<title>Palestra desmistifica o uso de IA em seguran\u00e7a do trabalho - Fire Show<\/title>\n<meta name=\"robots\" content=\"index, follow, max-snippet:-1, max-image-preview:large, max-video-preview:-1\" \/>\n<link rel=\"canonical\" href=\"https:\/\/fireshow.com.br\/?p=10389\" \/>\n<meta property=\"og:locale\" content=\"pt_BR\" \/>\n<meta property=\"og:type\" content=\"article\" \/>\n<meta property=\"og:title\" content=\"Palestra desmistifica o uso de IA em seguran\u00e7a do trabalho - Fire Show\" \/>\n<meta property=\"og:description\" content=\"Dando continuidade \u00e0 programa\u00e7\u00e3o do 25\u00ba Cobrasemt (Congresso Brasileiro de Seguran\u00e7a e Medicina no Trabalho), Eduardo Ferro, diretor da ABERGO (Associa\u00e7\u00e3o Brasileira de Ergonomia), fez palestra sobre \u201cA revolu\u00e7\u00e3o da Intelig\u00eancia Artificial na \u00e1rea de SST &#8211; Uma Realidade Positiva\u201d, na qual fugiu do alarmismo e tra\u00e7ou um panorama otimista do uso de IA na [&hellip;]\" \/>\n<meta property=\"og:url\" content=\"https:\/\/fireshow.com.br\/?p=10389\" \/>\n<meta property=\"og:site_name\" content=\"Fire Show\" \/>\n<meta property=\"article:publisher\" content=\"https:\/\/www.facebook.com\/Fire-Show-1113145285392042\/\" \/>\n<meta property=\"article:published_time\" content=\"2024-10-24T18:36:30+00:00\" \/>\n<meta property=\"og:image\" content=\"https:\/\/fireshow.com.br\/wp-content\/uploads\/2024\/10\/FISP_FIRE_2024_231024_15H__MG_8348-1.jpg\" \/>\n\t<meta property=\"og:image:width\" content=\"2000\" \/>\n\t<meta property=\"og:image:height\" content=\"1333\" \/>\n\t<meta property=\"og:image:type\" content=\"image\/jpeg\" \/>\n<meta name=\"twitter:card\" content=\"summary_large_image\" \/>\n<meta name=\"twitter:creator\" content=\"@feirafireshow\" \/>\n<meta name=\"twitter:site\" content=\"@feirafireshow\" \/>\n<meta name=\"twitter:label1\" content=\"Escrito por\" \/>\n\t<meta name=\"twitter:data1\" content=\"Leandro Ursulano\" \/>\n\t<meta name=\"twitter:label2\" content=\"Est. tempo de leitura\" \/>\n\t<meta name=\"twitter:data2\" content=\"3 minutos\" \/>\n<script type=\"application\/ld+json\" class=\"yoast-schema-graph\">{\"@context\":\"https:\/\/schema.org\",\"@graph\":[{\"@type\":\"Organization\",\"@id\":\"https:\/\/fireshow.com.br\/#organization\",\"name\":\"Fire Show - International Fire Fair\",\"url\":\"https:\/\/fireshow.com.br\/\",\"sameAs\":[\"https:\/\/www.facebook.com\/Fire-Show-1113145285392042\/\",\"https:\/\/www.instagram.com\/fireshowbrasil\/\",\"https:\/\/www.youtube.com\/channel\/UCcrepgp7vdG5UxMwei4-OjA\",\"https:\/\/twitter.com\/feirafireshow\"],\"logo\":{\"@type\":\"ImageObject\",\"@id\":\"https:\/\/fireshow.com.br\/#logo\",\"inLanguage\":\"pt-BR\",\"url\":\"https:\/\/glorious-green-crane.72-61-35-14.cpanel.site\/wp-content\/uploads\/2017\/11\/favicon-fireshow.png\",\"contentUrl\":\"https:\/\/glorious-green-crane.72-61-35-14.cpanel.site\/wp-content\/uploads\/2017\/11\/favicon-fireshow.png\",\"width\":250,\"height\":250,\"caption\":\"Fire Show - International Fire Fair\"},\"image\":{\"@id\":\"https:\/\/fireshow.com.br\/#logo\"}},{\"@type\":\"WebSite\",\"@id\":\"https:\/\/fireshow.com.br\/#website\",\"url\":\"https:\/\/fireshow.com.br\/\",\"name\":\"Fire Show\",\"description\":\"International Fire Fair\",\"publisher\":{\"@id\":\"https:\/\/fireshow.com.br\/#organization\"},\"potentialAction\":[{\"@type\":\"SearchAction\",\"target\":{\"@type\":\"EntryPoint\",\"urlTemplate\":\"https:\/\/fireshow.com.br\/?s={search_term_string}\"},\"query-input\":\"required name=search_term_string\"}],\"inLanguage\":\"pt-BR\"},{\"@type\":\"ImageObject\",\"@id\":\"https:\/\/fireshow.com.br\/?p=10389#primaryimage\",\"inLanguage\":\"pt-BR\",\"url\":\"https:\/\/fireshow.com.br\/wp-content\/uploads\/2024\/10\/FISP_FIRE_2024_231024_15H__MG_8348-1.jpg\",\"contentUrl\":\"https:\/\/fireshow.com.br\/wp-content\/uploads\/2024\/10\/FISP_FIRE_2024_231024_15H__MG_8348-1.jpg\",\"width\":2000,\"height\":1333},{\"@type\":\"WebPage\",\"@id\":\"https:\/\/fireshow.com.br\/?p=10389#webpage\",\"url\":\"https:\/\/fireshow.com.br\/?p=10389\",\"name\":\"Palestra desmistifica o uso de IA em seguran\u00e7a do trabalho - Fire Show\",\"isPartOf\":{\"@id\":\"https:\/\/fireshow.com.br\/#website\"},\"primaryImageOfPage\":{\"@id\":\"https:\/\/fireshow.com.br\/?p=10389#primaryimage\"},\"datePublished\":\"2024-10-24T18:36:30+00:00\",\"dateModified\":\"2024-10-24T18:36:30+00:00\",\"breadcrumb\":{\"@id\":\"https:\/\/fireshow.com.br\/?p=10389#breadcrumb\"},\"inLanguage\":\"pt-BR\",\"potentialAction\":[{\"@type\":\"ReadAction\",\"target\":[\"https:\/\/fireshow.com.br\/?p=10389\"]}]},{\"@type\":\"BreadcrumbList\",\"@id\":\"https:\/\/fireshow.com.br\/?p=10389#breadcrumb\",\"itemListElement\":[{\"@type\":\"ListItem\",\"position\":1,\"name\":\"In\u00edcio\",\"item\":\"https:\/\/fireshow.com.br\/\"},{\"@type\":\"ListItem\",\"position\":2,\"name\":\"Palestra desmistifica o uso de IA em seguran\u00e7a do trabalho\"}]},{\"@type\":\"Article\",\"@id\":\"https:\/\/fireshow.com.br\/?p=10389#article\",\"isPartOf\":{\"@id\":\"https:\/\/fireshow.com.br\/?p=10389#webpage\"},\"author\":{\"@id\":\"https:\/\/fireshow.com.br\/#\/schema\/person\/23ba51fa397ba7c48799a9a8d61aca4f\"},\"headline\":\"Palestra desmistifica o uso de IA em seguran\u00e7a do trabalho\",\"datePublished\":\"2024-10-24T18:36:30+00:00\",\"dateModified\":\"2024-10-24T18:36:30+00:00\",\"mainEntityOfPage\":{\"@id\":\"https:\/\/fireshow.com.br\/?p=10389#webpage\"},\"wordCount\":512,\"publisher\":{\"@id\":\"https:\/\/fireshow.com.br\/#organization\"},\"image\":{\"@id\":\"https:\/\/fireshow.com.br\/?p=10389#primaryimage\"},\"thumbnailUrl\":\"https:\/\/fireshow.com.br\/wp-content\/uploads\/2024\/10\/FISP_FIRE_2024_231024_15H__MG_8348-1.jpg\",\"articleSection\":[\"Press Releases 2024\"],\"inLanguage\":\"pt-BR\"},{\"@type\":\"Person\",\"@id\":\"https:\/\/fireshow.com.br\/#\/schema\/person\/23ba51fa397ba7c48799a9a8d61aca4f\",\"name\":\"Leandro Ursulano\",\"image\":{\"@type\":\"ImageObject\",\"@id\":\"https:\/\/fireshow.com.br\/#personlogo\",\"inLanguage\":\"pt-BR\",\"url\":\"https:\/\/secure.gravatar.com\/avatar\/246fc6654ab3233313a8a97f3641eddda2edde74a6d58daec00b4536f20ccf40?s=96&d=mm&r=g\",\"contentUrl\":\"https:\/\/secure.gravatar.com\/avatar\/246fc6654ab3233313a8a97f3641eddda2edde74a6d58daec00b4536f20ccf40?s=96&d=mm&r=g\",\"caption\":\"Leandro Ursulano\"}}]}<\/script>\n<!-- \/ Yoast SEO plugin. -->","yoast_head_json":{"title":"Palestra desmistifica o uso de IA em seguran\u00e7a do trabalho - Fire Show","robots":{"index":"index","follow":"follow","max-snippet":"max-snippet:-1","max-image-preview":"max-image-preview:large","max-video-preview":"max-video-preview:-1"},"canonical":"https:\/\/fireshow.com.br\/?p=10389","og_locale":"pt_BR","og_type":"article","og_title":"Palestra desmistifica o uso de IA em seguran\u00e7a do trabalho - Fire Show","og_description":"Dando continuidade \u00e0 programa\u00e7\u00e3o do 25\u00ba Cobrasemt (Congresso Brasileiro de Seguran\u00e7a e Medicina no Trabalho), Eduardo Ferro, diretor da ABERGO (Associa\u00e7\u00e3o Brasileira de Ergonomia), fez palestra sobre \u201cA revolu\u00e7\u00e3o da Intelig\u00eancia Artificial na \u00e1rea de SST &#8211; Uma Realidade Positiva\u201d, na qual fugiu do alarmismo e tra\u00e7ou um panorama otimista do uso de IA na [&hellip;]","og_url":"https:\/\/fireshow.com.br\/?p=10389","og_site_name":"Fire Show","article_publisher":"https:\/\/www.facebook.com\/Fire-Show-1113145285392042\/","article_published_time":"2024-10-24T18:36:30+00:00","og_image":[{"width":2000,"height":1333,"url":"https:\/\/fireshow.com.br\/wp-content\/uploads\/2024\/10\/FISP_FIRE_2024_231024_15H__MG_8348-1.jpg","type":"image\/jpeg"}],"twitter_card":"summary_large_image","twitter_creator":"@feirafireshow","twitter_site":"@feirafireshow","twitter_misc":{"Escrito por":"Leandro Ursulano","Est. tempo de leitura":"3 minutos"},"schema":{"@context":"https:\/\/schema.org","@graph":[{"@type":"Organization","@id":"https:\/\/fireshow.com.br\/#organization","name":"Fire Show - International Fire Fair","url":"https:\/\/fireshow.com.br\/","sameAs":["https:\/\/www.facebook.com\/Fire-Show-1113145285392042\/","https:\/\/www.instagram.com\/fireshowbrasil\/","https:\/\/www.youtube.com\/channel\/UCcrepgp7vdG5UxMwei4-OjA","https:\/\/twitter.com\/feirafireshow"],"logo":{"@type":"ImageObject","@id":"https:\/\/fireshow.com.br\/#logo","inLanguage":"pt-BR","url":"https:\/\/glorious-green-crane.72-61-35-14.cpanel.site\/wp-content\/uploads\/2017\/11\/favicon-fireshow.png","contentUrl":"https:\/\/glorious-green-crane.72-61-35-14.cpanel.site\/wp-content\/uploads\/2017\/11\/favicon-fireshow.png","width":250,"height":250,"caption":"Fire Show - International Fire Fair"},"image":{"@id":"https:\/\/fireshow.com.br\/#logo"}},{"@type":"WebSite","@id":"https:\/\/fireshow.com.br\/#website","url":"https:\/\/fireshow.com.br\/","name":"Fire Show","description":"International Fire Fair","publisher":{"@id":"https:\/\/fireshow.com.br\/#organization"},"potentialAction":[{"@type":"SearchAction","target":{"@type":"EntryPoint","urlTemplate":"https:\/\/fireshow.com.br\/?s={search_term_string}"},"query-input":"required name=search_term_string"}],"inLanguage":"pt-BR"},{"@type":"ImageObject","@id":"https:\/\/fireshow.com.br\/?p=10389#primaryimage","inLanguage":"pt-BR","url":"https:\/\/fireshow.com.br\/wp-content\/uploads\/2024\/10\/FISP_FIRE_2024_231024_15H__MG_8348-1.jpg","contentUrl":"https:\/\/fireshow.com.br\/wp-content\/uploads\/2024\/10\/FISP_FIRE_2024_231024_15H__MG_8348-1.jpg","width":2000,"height":1333},{"@type":"WebPage","@id":"https:\/\/fireshow.com.br\/?p=10389#webpage","url":"https:\/\/fireshow.com.br\/?p=10389","name":"Palestra desmistifica o uso de IA em seguran\u00e7a do trabalho - Fire Show","isPartOf":{"@id":"https:\/\/fireshow.com.br\/#website"},"primaryImageOfPage":{"@id":"https:\/\/fireshow.com.br\/?p=10389#primaryimage"},"datePublished":"2024-10-24T18:36:30+00:00","dateModified":"2024-10-24T18:36:30+00:00","breadcrumb":{"@id":"https:\/\/fireshow.com.br\/?p=10389#breadcrumb"},"inLanguage":"pt-BR","potentialAction":[{"@type":"ReadAction","target":["https:\/\/fireshow.com.br\/?p=10389"]}]},{"@type":"BreadcrumbList","@id":"https:\/\/fireshow.com.br\/?p=10389#breadcrumb","itemListElement":[{"@type":"ListItem","position":1,"name":"In\u00edcio","item":"https:\/\/fireshow.com.br\/"},{"@type":"ListItem","position":2,"name":"Palestra desmistifica o uso de IA em seguran\u00e7a do trabalho"}]},{"@type":"Article","@id":"https:\/\/fireshow.com.br\/?p=10389#article","isPartOf":{"@id":"https:\/\/fireshow.com.br\/?p=10389#webpage"},"author":{"@id":"https:\/\/fireshow.com.br\/#\/schema\/person\/23ba51fa397ba7c48799a9a8d61aca4f"},"headline":"Palestra desmistifica o uso de IA em seguran\u00e7a do trabalho","datePublished":"2024-10-24T18:36:30+00:00","dateModified":"2024-10-24T18:36:30+00:00","mainEntityOfPage":{"@id":"https:\/\/fireshow.com.br\/?p=10389#webpage"},"wordCount":512,"publisher":{"@id":"https:\/\/fireshow.com.br\/#organization"},"image":{"@id":"https:\/\/fireshow.com.br\/?p=10389#primaryimage"},"thumbnailUrl":"https:\/\/fireshow.com.br\/wp-content\/uploads\/2024\/10\/FISP_FIRE_2024_231024_15H__MG_8348-1.jpg","articleSection":["Press Releases 2024"],"inLanguage":"pt-BR"},{"@type":"Person","@id":"https:\/\/fireshow.com.br\/#\/schema\/person\/23ba51fa397ba7c48799a9a8d61aca4f","name":"Leandro Ursulano","image":{"@type":"ImageObject","@id":"https:\/\/fireshow.com.br\/#personlogo","inLanguage":"pt-BR","url":"https:\/\/secure.gravatar.com\/avatar\/246fc6654ab3233313a8a97f3641eddda2edde74a6d58daec00b4536f20ccf40?s=96&d=mm&r=g","contentUrl":"https:\/\/secure.gravatar.com\/avatar\/246fc6654ab3233313a8a97f3641eddda2edde74a6d58daec00b4536f20ccf40?s=96&d=mm&r=g","caption":"Leandro Ursulano"}}]}},"_links":{"self":[{"href":"https:\/\/fireshow.com.br\/index.php?rest_route=\/wp\/v2\/posts\/10389","targetHints":{"allow":["GET"]}}],"collection":[{"href":"https:\/\/fireshow.com.br\/index.php?rest_route=\/wp\/v2\/posts"}],"about":[{"href":"https:\/\/fireshow.com.br\/index.php?rest_route=\/wp\/v2\/types\/post"}],"author":[{"embeddable":true,"href":"https:\/\/fireshow.com.br\/index.php?rest_route=\/wp\/v2\/users\/2"}],"replies":[{"embeddable":true,"href":"https:\/\/fireshow.com.br\/index.php?rest_route=%2Fwp%2Fv2%2Fcomments&post=10389"}],"version-history":[{"count":1,"href":"https:\/\/fireshow.com.br\/index.php?rest_route=\/wp\/v2\/posts\/10389\/revisions"}],"predecessor-version":[{"id":10391,"href":"https:\/\/fireshow.com.br\/index.php?rest_route=\/wp\/v2\/posts\/10389\/revisions\/10391"}],"wp:featuredmedia":[{"embeddable":true,"href":"https:\/\/fireshow.com.br\/index.php?rest_route=\/wp\/v2\/media\/10390"}],"wp:attachment":[{"href":"https:\/\/fireshow.com.br\/index.php?rest_route=%2Fwp%2Fv2%2Fmedia&parent=10389"}],"wp:term":[{"taxonomy":"category","embeddable":true,"href":"https:\/\/fireshow.com.br\/index.php?rest_route=%2Fwp%2Fv2%2Fcategories&post=10389"},{"taxonomy":"post_tag","embeddable":true,"href":"https:\/\/fireshow.com.br\/index.php?rest_route=%2Fwp%2Fv2%2Ftags&post=10389"}],"curies":[{"name":"wp","href":"https:\/\/api.w.org\/{rel}","templated":true}]}}