{"id":12409,"date":"2026-09-02T15:09:16","date_gmt":"2026-09-02T18:09:16","guid":{"rendered":"https:\/\/fireshow.com.br\/?p=12409"},"modified":"2026-09-02T15:09:17","modified_gmt":"2026-09-02T18:09:17","slug":"fisp-e-fire-show-estreiam-primeiro-desfile-tecnico-de-epis-da-america-latina","status":"publish","type":"post","link":"https:\/\/fireshow.com.br\/en\/fisp-e-fire-show-estreiam-primeiro-desfile-tecnico-de-epis-da-america-latina\/","title":{"rendered":"FISP e Fire Show estreiam primeiro desfile t\u00e9cnico de EPIs da Am\u00e9rica Latina"},"content":{"rendered":"<p><em>O FISP &amp; Fire Fashion Show apresentar\u00e1 a evolu\u00e7\u00e3o de roupas, cal\u00e7ados, capacetes e outros equipamentos de prote\u00e7\u00e3o<\/em><\/p>\n\n\n\n<p><strong>S\u00e3o Paulo, setembro de 2026<\/strong> \u2013 Ergonomia, flexibilidade, conforto, tecnologia e adequa\u00e7\u00e3o aos riscos s\u00e3o fatores cada vez mais importantes para que os Equipamentos de Prote\u00e7\u00e3o Individual (EPIs) cumpram seu papel na prote\u00e7\u00e3o dos trabalhadores ao longo de toda a jornada. A evolu\u00e7\u00e3o de materiais, processos produtivos e design tamb\u00e9m vem transformando roupas, cal\u00e7ados, capacetes e outros equipamentos, sem abrir m\u00e3o do atendimento \u00e0s normas t\u00e9cnicas e certifica\u00e7\u00f5es exigidas para cada atividade. Essa transforma\u00e7\u00e3o poder\u00e1 ser vista em movimento no FISP &amp; Fire Fashion Show, primeiro desfile t\u00e9cnico de EPIs da Am\u00e9rica Latina, que estreia durante a FISP e a Fire Show 2026, de 6 a 8 de outubro, no S\u00e3o Paulo Expo.<\/p>\n\n\n\n<p>A atra\u00e7\u00e3o leva os EPIs para a passarela e permite observar caracter\u00edsticas que nem sempre s\u00e3o percebidas quando o produto est\u00e1 exposto de forma est\u00e1tica. Esta \u00e9 a primeira vez que um desfile t\u00e9cnico desse porte acontece na Am\u00e9rica Latina. Durante tr\u00eas dias, profissionais de Seguran\u00e7a e Sa\u00fade no Trabalho (SST) participar\u00e3o do desfile, apresentando vestimentas, cal\u00e7ados, capacetes e outros equipamentos em uma situa\u00e7\u00e3o mais pr\u00f3xima do uso cotidiano.<\/p>\n\n\n\n<p>\u201cQuando o produto sai da exposi\u00e7\u00e3o est\u00e1tica e entra em movimento, o p\u00fablico consegue perceber atributos como caimento, mobilidade, leveza, flexibilidade e ergonomia. \u00c9 uma maneira de mostrar, de forma muito concreta, como a tecnologia vem transformando os equipamentos utilizados diariamente pelos trabalhadores\u201d, afirma Augusto Andrade, diretor de portf\u00f3lio e vendas internacionais da Fiera Milano Brasil.<\/p>\n\n\n\n<p>O desfile acompanha um momento de expans\u00e3o da ind\u00fastria brasileira de seguran\u00e7a. Segundo o Anu\u00e1rio Animaseg de Equipamentos de Seguran\u00e7a 2025, o setor movimentou R$ 21,05 bilh\u00f5es em 2024, crescimento de 9% em rela\u00e7\u00e3o ao ano anterior. As vestimentas de seguran\u00e7a responderam por R$ 6,80 bilh\u00f5es, ou 32,3% do mercado, seguidas pelos cal\u00e7ados de seguran\u00e7a, com R$ 4,10 bilh\u00f5es e participa\u00e7\u00e3o de 19,5%, e pelas luvas de seguran\u00e7a, com R$ 3,96 bilh\u00f5es e 18,8%.<\/p>\n\n\n\n<h2 class=\"wp-block-heading\"><strong>Cal\u00e7ados mostram evolu\u00e7\u00e3o em movimento<\/strong><\/h2>\n\n\n\n<p>Uma das patrocinadoras do FISP &amp; Fire Fashion Show, a Marluvas levar\u00e1 \u00e0 passarela lan\u00e7amentos e diferentes solu\u00e7\u00f5es de seu portf\u00f3lio, produzidas com materiais como couro, microfibra e t\u00eaxteis e desenvolvidas para diferentes atividades profissionais.<\/p>\n\n\n\n<p>A proposta \u00e9 evidenciar a evolu\u00e7\u00e3o dos cal\u00e7ados de seguran\u00e7a para al\u00e9m de sua fun\u00e7\u00e3o b\u00e1sica de prote\u00e7\u00e3o. Leveza, conforto durante longos per\u00edodos de uso, mobilidade, respirabilidade, flexibilidade e ergonomia passaram a ter peso crescente na escolha dos produtos, acompanhados por avan\u00e7os em componentes e materiais.<\/p>\n\n\n\n<p>Entre as solu\u00e7\u00f5es presentes no portf\u00f3lio da empresa est\u00e3o biqueiras de composite, palmilhas resistentes \u00e0 perfura\u00e7\u00e3o, novos pol\u00edmeros, materiais t\u00e9cnicos e tecnologias aplicadas \u00e0 constru\u00e7\u00e3o dos solados. A evolu\u00e7\u00e3o tamb\u00e9m aproxima os cal\u00e7ados profissionais de conceitos j\u00e1 incorporados aos segmentos esportivo e de alta performance, buscando proporcionar maior liberdade de movimentos sem comprometer os requisitos t\u00e9cnicos de seguran\u00e7a.<\/p>\n\n\n\n<p>\u201cO desfile aproxima o EPI de sua condi\u00e7\u00e3o real de uso. Quando vemos algu\u00e9m caminhando com o cal\u00e7ado, caracter\u00edsticas como flexibilidade e mobilidade ficam muito mais evidentes. \u00c9 tamb\u00e9m uma forma de mostrar que seguran\u00e7a, tecnologia, conforto e design podem caminhar juntos\u201d, afirma Gisah Lopes, supervisora de Marketing da Marluvas.<\/p>\n\n\n\n<h2 class=\"wp-block-heading\"><strong>Tecnologia t\u00eaxtil chega \u00e0 passarela<\/strong><\/h2>\n\n\n\n<p>Tamb\u00e9m patrocinadora da atra\u00e7\u00e3o, a Amalfis far\u00e1 durante a FISP 2026 a apresenta\u00e7\u00e3o oficial da nova Linha Performa, formada por lan\u00e7amentos voltados \u00e0 prote\u00e7\u00e3o contra arco el\u00e9trico, fogo repentino, altas temperaturas &#8211; incluindo aplica\u00e7\u00f5es em aciarias e sider\u00fargicas &#8211; e situa\u00e7\u00f5es que exigem alta visibilidade.<\/p>\n\n\n\n<p>No FISP e Fire Fashion Show, a empresa apresentar\u00e1 mais de 200 lan\u00e7amentos, com destaques diferentes ao longo dos tr\u00eas dias de evento. Em movimento, ser\u00e1 poss\u00edvel observar atributos como ergonomia dos cortes, caimento, conforto t\u00e9rmico, flexibilidade e a integra\u00e7\u00e3o entre prote\u00e7\u00e3o e est\u00e9tica.<\/p>\n\n\n\n<p>A empresa tamb\u00e9m levar\u00e1 \u00e0 feira duas tecnologias t\u00eaxteis in\u00e9ditas em seu portf\u00f3lio. Uma delas \u00e9 um processo produtivo pr\u00f3prio homologado pela austr\u00edaca Lenzing para a fabrica\u00e7\u00e3o de malha com fibra Lyocell, derivada de fontes de madeira controlada ou certificada. Segundo a Amalfis, a homologa\u00e7\u00e3o faz da companhia a primeira empresa brasileira do segmento de workwear a obter essa valida\u00e7\u00e3o, dentro dos crit\u00e9rios e do escopo definidos pela certificadora.<\/p>\n\n\n\n<p>Outra novidade \u00e9 uma malha de alta performance que combina a tecnologia COOLMAX\u00ae, voltada ao conforto t\u00e9rmico e \u00e0 secagem r\u00e1pida, com o fio LYCRA\u00ae, utilizado para conferir elasticidade e melhorar o caimento das pe\u00e7as.<\/p>\n\n\n\n<p>Nas vestimentas de prote\u00e7\u00e3o t\u00e9rmica, a companhia tamb\u00e9m trabalha com fibras resistentes ao fogo inerentes ou tratadas, selecionadas conforme o grau de risco da opera\u00e7\u00e3o. J\u00e1 as pe\u00e7as de alta visibilidade s\u00e3o desenvolvidas de acordo com a ABNT NBR 15292, utilizando tecido fluorescente e faixas retrorrefletivas dimensionadas conforme as diferentes classes de risco.<\/p>\n\n\n\n<p>A tecnologia tamb\u00e9m est\u00e1 presente na gest\u00e3o das pe\u00e7as. Desde 2023, a Amalfis utiliza etiquetas RFID incorporadas aos uniformes, que armazenam dados t\u00e9cnicos e log\u00edsticos e permitem rastrear a produ\u00e7\u00e3o, controlar estoques em lote e planejar reposi\u00e7\u00f5es. Mais de 3,5 milh\u00f5es de pe\u00e7as j\u00e1 foram rastreadas desde a implanta\u00e7\u00e3o do sistema. A empresa trabalha ainda no desenvolvimento de um sistema de produ\u00e7\u00e3o assistido por intelig\u00eancia artificial para otimiza\u00e7\u00e3o de processos industriais.<\/p>\n\n\n\n<p>\u201cCada pe\u00e7a que levamos para a passarela carrega anos de investimento em tecnologia t\u00eaxtil. Em movimento, conseguimos tornar vis\u00edveis atributos como ergonomia dos cortes, caimento e conforto t\u00e9rmico, mostrando que prote\u00e7\u00e3o e inova\u00e7\u00e3o se refor\u00e7am\u201d, afirma Camila Lima, CEO da Amalfis.<\/p>\n\n\n\n<h2 class=\"wp-block-heading\"><strong>Mercado exige solu\u00e7\u00f5es mais especializadas<\/strong><\/h2>\n\n\n\n<p>A evolu\u00e7\u00e3o apresentada na passarela reflete tamb\u00e9m novos desafios para a ind\u00fastria de EPIs. Na avalia\u00e7\u00e3o das empresas participantes, atender \u00e0 exig\u00eancia normativa continua sendo a base do desenvolvimento dos produtos, mas a decis\u00e3o de compra vem incorporando crit\u00e9rios como adequa\u00e7\u00e3o ao risco, durabilidade, ergonomia, conforto e experi\u00eancia do usu\u00e1rio.<\/p>\n\n\n\n<p>Para a Marluvas, um dos desafios \u00e9 ampliar a compreens\u00e3o de que a sele\u00e7\u00e3o do EPI n\u00e3o deve considerar apenas o atendimento m\u00ednimo \u00e0s normas ou o pre\u00e7o de aquisi\u00e7\u00e3o. Diferentes setores &#8211; ind\u00fastria, constru\u00e7\u00e3o civil, agroneg\u00f3cio, minera\u00e7\u00e3o, sa\u00fade e servi\u00e7os, entre outros &#8211; apresentam condi\u00e7\u00f5es de trabalho espec\u00edficas e exigem solu\u00e7\u00f5es cada vez mais adequadas \u00e0 atividade e ao perfil de quem utilizar\u00e1 o equipamento.<\/p>\n\n\n\n<p>No segmento de vestimentas, a Amalfis aponta ainda a depend\u00eancia de normas e mat\u00e9rias-primas de alta performance desenvolvidas internacionalmente, cen\u00e1rio que exige dos fabricantes brasileiros atualiza\u00e7\u00e3o normativa e investimento cont\u00ednuo em tecnologia. Ao mesmo tempo, a capacidade de desenvolver produtos localmente e adaptar solu\u00e7\u00f5es com maior agilidade abre espa\u00e7o para a ind\u00fastria nacional.<\/p>\n\n\n\n<p>Entre as tend\u00eancias apontadas pelas empresas est\u00e3o a redu\u00e7\u00e3o do peso dos equipamentos, o aprimoramento ergon\u00f4mico, o desenvolvimento de novos materiais, a personaliza\u00e7\u00e3o para diferentes aplica\u00e7\u00f5es e a integra\u00e7\u00e3o entre prote\u00e7\u00e3o, conforto e design. Sustentabilidade, rastreabilidade e efici\u00eancia produtiva tamb\u00e9m ganham espa\u00e7o, assim como a necessidade de comprova\u00e7\u00e3o e transpar\u00eancia sobre os atributos apresentados ao mercado.<\/p>\n\n\n\n<h2 class=\"wp-block-heading\"><strong>Experi\u00eancias no Pavilh\u00e3o Play Safer<\/strong><\/h2>\n\n\n\n<p>O FISP &amp; Fire Fashion Show integra o Pavilh\u00e3o Play Safer, espa\u00e7o criado para concentrar algumas das principais experi\u00eancias da FISP 2026 e aproximar os profissionais da aplica\u00e7\u00e3o pr\u00e1tica das tecnologias apresentadas durante o evento. Ao longo dos tr\u00eas dias, o pavilh\u00e3o reunir\u00e1 processos industriais em funcionamento, demonstra\u00e7\u00f5es t\u00e9cnicas, conte\u00fado especializado e atra\u00e7\u00f5es voltadas \u00e0 usabilidade e \u00e0 performance das solu\u00e7\u00f5es de seguran\u00e7a.<\/p>\n\n\n\n<p>Al\u00e9m do desfile t\u00e9cnico de EPIs, estar\u00e1 no espa\u00e7o a F\u00e1brica Modelo IBTEC, com uma linha de produ\u00e7\u00e3o funcionando ao vivo durante toda a feira e a apresenta\u00e7\u00e3o das diferentes etapas do processo produtivo. O pavilh\u00e3o tamb\u00e9m receber\u00e1 o 27\u00ba Congresso COBRASEMT, que reunir\u00e1 especialistas para discutir temas como legisla\u00e7\u00e3o, seguran\u00e7a do trabalho, gest\u00e3o de riscos, inova\u00e7\u00e3o e novos desafios da ind\u00fastria; e o Techshow, com palestras, debates e cases apresentados por expositores.<\/p>\n\n\n\n<p>A programa\u00e7\u00e3o inclui ainda o podcast da Revista Cipa &amp; Inc\u00eandio, em parceria com a F\u00e1brica Podcast, com entrevistas com expositores e especialistas sobre novas tecnologias e tend\u00eancias do setor. Para estimular o visitante a percorrer as diferentes atra\u00e7\u00f5es, o Passaporte Experienc<strong>e<\/strong> ter\u00e1 checkpoints e desafios distribu\u00eddos pelo pavilh\u00e3o, com participa\u00e7\u00e3o vinculada a experi\u00eancias e brindes durante o evento.<\/p>\n\n\n\n<p>Instalado no Pavilh\u00e3o 8 do S\u00e3o Paulo Expo, o Play Safer ter\u00e1 ainda transfer gratuito e cont\u00ednuo, com vans e micro-\u00f4nibus conectando os pavilh\u00f5es principais e o metr\u00f4 diretamente \u00e0 entrada da \u00e1rea<\/p>\n\n\n\n<p>A 25\u00aa FISP \u2013 Feira Internacional de Seguran\u00e7a e Prote\u00e7\u00e3o e a 16\u00aa Fire Show \u2013 International Fire Fair esperam reunir 800 marcas expositoras e mais de 60 mil profissionais de 48 pa\u00edses, entre fabricantes, distribuidores, profissionais t\u00e9cnicos, gestores, compradores e tomadores de decis\u00e3o ligados \u00e0 seguran\u00e7a e sa\u00fade no trabalho, preven\u00e7\u00e3o e combate a inc\u00eandios.<\/p>\n\n\n\n<p><strong>Service:<\/strong><\/p>\n\n\n\n<p><strong>FISP - 25th International Fair of Safety and Protection | Fire Show - 16th International Fire Fair<\/strong><\/p>\n\n\n\n<p><strong>Data<\/strong>October 6 to 8, 2026<\/p>\n\n\n\n<p><strong>Schedule <\/strong>of the fair: 1:00 PM to 8:00 PM<\/p>\n\n\n\n<p><strong>Local<\/strong>S\u00e3o Paulo Expo (Play Safer Pavilion \u2013 Pavilion 8)<\/p>\n\n\n\n<p><strong>Address<\/strong>Imigrantes Highway, km 1.5 \u2013 Vila \u00c1gua Funda, S\u00e3o Paulo \u2013 SP<\/p>\n\n\n\n<p>Credenciamento e informa\u00e7\u00f5es: <a href=\"http:\/\/feirafisp.com.br\">feirafisp.com.br<\/a> | <a href=\"http:\/\/fireshow.com.br\/en\/\">fireshow.com.br<\/a><\/p>\n\n\n\n<p>Galeria de fotos edi\u00e7\u00e3o 2024: acesse <a href=\"https:\/\/feirafisp.com.br\/galeria-de-fotos-2024\/\">aqui<\/a><\/p>\n\n\n\n<p><strong>About Fiera Milano Brasil<\/strong><\/p>\n\n\n\n<p>A Fiera Milano Brasil \u00e9 a filial brasileira da Fiera Milano, um dos maiores players de feiras e congressos do mundo, que re\u00fane todos os anos cerca de 30 mil expositores e mais de cinco milh\u00f5es de visitantes. No Brasil, a companhia realiza nove feiras que representam setores fundamentais da economia \u2014 tecnologia em seguran\u00e7a, energias limpas e renov\u00e1veis, tubos e conex\u00f5es, cabos, sa\u00fade e seguran\u00e7a no trabalho, prote\u00e7\u00e3o e combate a inc\u00eandio, tecnologias em reabilita\u00e7\u00e3o, inclus\u00e3o e acessibilidade, entre outros.&nbsp;<\/p>\n\n\n\n<p>Fazem parte do portf\u00f3lio marcas como Exposec, Fisp, Fire Show, Fruit Attraction S\u00e3o Paulo \u2014 em parceria com a IFEMA Madrid \u2014, Reatech, Tubotech, Wire Brasil e Esquadria Show, em parceria com a N\u00fcrnbergMesse Brasil.&nbsp;<\/p>\n\n\n\n<p>More information: <a href=\"http:\/\/www.fieramilanobrasil.com.br\">www.fieramilanobrasil.com.br<\/a><\/p>\n\n\n\n<p><strong>Press Information:<\/strong><\/p>\n\n\n\n<p>2PR\u00d3 Comunica\u00e7\u00e3o \u2013 Fiera Milano Brasil<\/p>\n\n\n\n<p>Teresa Silva \u2013 teresa.silva@2pro.com.br<\/p>\n\n\n\n<p>Myrian Vallone \u2013 myrian.vallone@2pro.com.br<\/p>\n\n\n\n<p>(5511) 3030-9404 | (5511) 99228-7836<\/p>","protected":false},"excerpt":{"rendered":"<p>O FISP &amp; Fire Fashion Show apresentar\u00e1 a evolu\u00e7\u00e3o de roupas, cal\u00e7ados, capacetes e outros equipamentos de prote\u00e7\u00e3o S\u00e3o Paulo, setembro de 2026 \u2013 Ergonomia, flexibilidade, conforto, tecnologia e adequa\u00e7\u00e3o aos riscos s\u00e3o fatores cada vez mais importantes para que os Equipamentos de Prote\u00e7\u00e3o Individual (EPIs) cumpram seu papel na prote\u00e7\u00e3o dos trabalhadores ao longo [&hellip;]<\/p>\n","protected":false},"author":2,"featured_media":12410,"comment_status":"closed","ping_status":"open","sticky":false,"template":"","format":"standard","meta":{"_joinchat":[],"footnotes":""},"categories":[49],"tags":[],"class_list":["post-12409","post","type-post","status-publish","format-standard","has-post-thumbnail","hentry","category-press-releases-2026"],"yoast_head":"<!-- This site is optimized with the Yoast SEO plugin v18.1 - https:\/\/yoast.com\/wordpress\/plugins\/seo\/ -->\n<title>FISP e Fire Show estreiam primeiro desfile t\u00e9cnico de EPIs da Am\u00e9rica Latina - Fire Show<\/title>\n<meta name=\"robots\" content=\"index, follow, max-snippet:-1, max-image-preview:large, max-video-preview:-1\" \/>\n<link rel=\"canonical\" href=\"https:\/\/fireshow.com.br\/en\/fisp-e-fire-show-estreiam-primeiro-desfile-tecnico-de-epis-da-america-latina\/\" \/>\n<meta property=\"og:locale\" content=\"en_US\" \/>\n<meta property=\"og:type\" content=\"article\" \/>\n<meta property=\"og:title\" content=\"FISP e Fire Show estreiam primeiro desfile t\u00e9cnico de EPIs da Am\u00e9rica Latina - Fire Show\" \/>\n<meta property=\"og:description\" content=\"O FISP &amp; Fire Fashion Show apresentar\u00e1 a evolu\u00e7\u00e3o de roupas, cal\u00e7ados, capacetes e outros equipamentos de prote\u00e7\u00e3o S\u00e3o Paulo, setembro de 2026 \u2013 Ergonomia, flexibilidade, conforto, tecnologia e adequa\u00e7\u00e3o aos riscos s\u00e3o fatores cada vez mais importantes para que os Equipamentos de Prote\u00e7\u00e3o Individual (EPIs) cumpram seu papel na prote\u00e7\u00e3o dos trabalhadores ao longo [&hellip;]\" \/>\n<meta property=\"og:url\" content=\"https:\/\/fireshow.com.br\/en\/fisp-e-fire-show-estreiam-primeiro-desfile-tecnico-de-epis-da-america-latina\/\" \/>\n<meta property=\"og:site_name\" content=\"Fire Show\" \/>\n<meta property=\"article:publisher\" content=\"https:\/\/www.facebook.com\/Fire-Show-1113145285392042\/\" \/>\n<meta property=\"article:published_time\" content=\"2026-09-02T18:09:16+00:00\" \/>\n<meta property=\"article:modified_time\" content=\"2026-09-02T18:09:17+00:00\" \/>\n<meta property=\"og:image\" content=\"https:\/\/fireshow.com.br\/wp-content\/uploads\/2026\/09\/image.jpeg\" \/>\n\t<meta property=\"og:image:width\" content=\"2048\" \/>\n\t<meta property=\"og:image:height\" content=\"1153\" \/>\n\t<meta property=\"og:image:type\" content=\"image\/jpeg\" \/>\n<meta name=\"twitter:card\" content=\"summary_large_image\" \/>\n<meta name=\"twitter:creator\" content=\"@feirafireshow\" \/>\n<meta name=\"twitter:site\" content=\"@feirafireshow\" \/>\n<meta name=\"twitter:label1\" content=\"Written by\" \/>\n\t<meta name=\"twitter:data1\" content=\"Leandro Ursulano\" \/>\n\t<meta name=\"twitter:label2\" content=\"Est. reading time\" \/>\n\t<meta name=\"twitter:data2\" content=\"9 minutes\" \/>\n<script type=\"application\/ld+json\" class=\"yoast-schema-graph\">{\"@context\":\"https:\/\/schema.org\",\"@graph\":[{\"@type\":\"Organization\",\"@id\":\"https:\/\/fireshow.com.br\/#organization\",\"name\":\"Fire Show - International Fire Fair\",\"url\":\"https:\/\/fireshow.com.br\/\",\"sameAs\":[\"https:\/\/www.facebook.com\/Fire-Show-1113145285392042\/\",\"https:\/\/www.instagram.com\/fireshowbrasil\/\",\"https:\/\/www.youtube.com\/channel\/UCcrepgp7vdG5UxMwei4-OjA\",\"https:\/\/twitter.com\/feirafireshow\"],\"logo\":{\"@type\":\"ImageObject\",\"@id\":\"https:\/\/fireshow.com.br\/#logo\",\"inLanguage\":\"en-US\",\"url\":\"https:\/\/glorious-green-crane.72-61-35-14.cpanel.site\/wp-content\/uploads\/2017\/11\/favicon-fireshow.png\",\"contentUrl\":\"https:\/\/glorious-green-crane.72-61-35-14.cpanel.site\/wp-content\/uploads\/2017\/11\/favicon-fireshow.png\",\"width\":250,\"height\":250,\"caption\":\"Fire Show - International Fire Fair\"},\"image\":{\"@id\":\"https:\/\/fireshow.com.br\/#logo\"}},{\"@type\":\"WebSite\",\"@id\":\"https:\/\/fireshow.com.br\/#website\",\"url\":\"https:\/\/fireshow.com.br\/\",\"name\":\"Fire Show\",\"description\":\"International Fire Fair\",\"publisher\":{\"@id\":\"https:\/\/fireshow.com.br\/#organization\"},\"potentialAction\":[{\"@type\":\"SearchAction\",\"target\":{\"@type\":\"EntryPoint\",\"urlTemplate\":\"https:\/\/fireshow.com.br\/?s={search_term_string}\"},\"query-input\":\"required name=search_term_string\"}],\"inLanguage\":\"en-US\"},{\"@type\":\"ImageObject\",\"@id\":\"https:\/\/fireshow.com.br\/fisp-e-fire-show-estreiam-primeiro-desfile-tecnico-de-epis-da-america-latina\/#primaryimage\",\"inLanguage\":\"en-US\",\"url\":\"https:\/\/fireshow.com.br\/wp-content\/uploads\/2026\/09\/image.jpeg\",\"contentUrl\":\"https:\/\/fireshow.com.br\/wp-content\/uploads\/2026\/09\/image.jpeg\",\"width\":2048,\"height\":1153},{\"@type\":\"WebPage\",\"@id\":\"https:\/\/fireshow.com.br\/fisp-e-fire-show-estreiam-primeiro-desfile-tecnico-de-epis-da-america-latina\/#webpage\",\"url\":\"https:\/\/fireshow.com.br\/fisp-e-fire-show-estreiam-primeiro-desfile-tecnico-de-epis-da-america-latina\/\",\"name\":\"FISP e Fire Show estreiam primeiro desfile t\u00e9cnico de EPIs da Am\u00e9rica Latina - Fire Show\",\"isPartOf\":{\"@id\":\"https:\/\/fireshow.com.br\/#website\"},\"primaryImageOfPage\":{\"@id\":\"https:\/\/fireshow.com.br\/fisp-e-fire-show-estreiam-primeiro-desfile-tecnico-de-epis-da-america-latina\/#primaryimage\"},\"datePublished\":\"2026-09-02T18:09:16+00:00\",\"dateModified\":\"2026-09-02T18:09:17+00:00\",\"breadcrumb\":{\"@id\":\"https:\/\/fireshow.com.br\/fisp-e-fire-show-estreiam-primeiro-desfile-tecnico-de-epis-da-america-latina\/#breadcrumb\"},\"inLanguage\":\"en-US\",\"potentialAction\":[{\"@type\":\"ReadAction\",\"target\":[\"https:\/\/fireshow.com.br\/fisp-e-fire-show-estreiam-primeiro-desfile-tecnico-de-epis-da-america-latina\/\"]}]},{\"@type\":\"BreadcrumbList\",\"@id\":\"https:\/\/fireshow.com.br\/fisp-e-fire-show-estreiam-primeiro-desfile-tecnico-de-epis-da-america-latina\/#breadcrumb\",\"itemListElement\":[{\"@type\":\"ListItem\",\"position\":1,\"name\":\"In\u00edcio\",\"item\":\"https:\/\/fireshow.com.br\/\"},{\"@type\":\"ListItem\",\"position\":2,\"name\":\"FISP e Fire Show estreiam primeiro desfile t\u00e9cnico de EPIs da Am\u00e9rica Latina\"}]},{\"@type\":\"Article\",\"@id\":\"https:\/\/fireshow.com.br\/fisp-e-fire-show-estreiam-primeiro-desfile-tecnico-de-epis-da-america-latina\/#article\",\"isPartOf\":{\"@id\":\"https:\/\/fireshow.com.br\/fisp-e-fire-show-estreiam-primeiro-desfile-tecnico-de-epis-da-america-latina\/#webpage\"},\"author\":{\"@id\":\"https:\/\/fireshow.com.br\/#\/schema\/person\/23ba51fa397ba7c48799a9a8d61aca4f\"},\"headline\":\"FISP e Fire Show estreiam primeiro desfile t\u00e9cnico de EPIs da Am\u00e9rica Latina\",\"datePublished\":\"2026-09-02T18:09:16+00:00\",\"dateModified\":\"2026-09-02T18:09:17+00:00\",\"mainEntityOfPage\":{\"@id\":\"https:\/\/fireshow.com.br\/fisp-e-fire-show-estreiam-primeiro-desfile-tecnico-de-epis-da-america-latina\/#webpage\"},\"wordCount\":1845,\"publisher\":{\"@id\":\"https:\/\/fireshow.com.br\/#organization\"},\"image\":{\"@id\":\"https:\/\/fireshow.com.br\/fisp-e-fire-show-estreiam-primeiro-desfile-tecnico-de-epis-da-america-latina\/#primaryimage\"},\"thumbnailUrl\":\"https:\/\/fireshow.com.br\/wp-content\/uploads\/2026\/09\/image.jpeg\",\"articleSection\":[\"Press Releases 2026\"],\"inLanguage\":\"en-US\"},{\"@type\":\"Person\",\"@id\":\"https:\/\/fireshow.com.br\/#\/schema\/person\/23ba51fa397ba7c48799a9a8d61aca4f\",\"name\":\"Leandro Ursulano\",\"image\":{\"@type\":\"ImageObject\",\"@id\":\"https:\/\/fireshow.com.br\/#personlogo\",\"inLanguage\":\"en-US\",\"url\":\"https:\/\/secure.gravatar.com\/avatar\/246fc6654ab3233313a8a97f3641eddda2edde74a6d58daec00b4536f20ccf40?s=96&d=mm&r=g\",\"contentUrl\":\"https:\/\/secure.gravatar.com\/avatar\/246fc6654ab3233313a8a97f3641eddda2edde74a6d58daec00b4536f20ccf40?s=96&d=mm&r=g\",\"caption\":\"Leandro Ursulano\"}}]}<\/script>\n<!-- \/ Yoast SEO plugin. -->","yoast_head_json":{"title":"FISP e Fire Show estreiam primeiro desfile t\u00e9cnico de EPIs da Am\u00e9rica Latina - Fire Show","robots":{"index":"index","follow":"follow","max-snippet":"max-snippet:-1","max-image-preview":"max-image-preview:large","max-video-preview":"max-video-preview:-1"},"canonical":"https:\/\/fireshow.com.br\/en\/fisp-e-fire-show-estreiam-primeiro-desfile-tecnico-de-epis-da-america-latina\/","og_locale":"en_US","og_type":"article","og_title":"FISP e Fire Show estreiam primeiro desfile t\u00e9cnico de EPIs da Am\u00e9rica Latina - Fire Show","og_description":"O FISP &amp; Fire Fashion Show apresentar\u00e1 a evolu\u00e7\u00e3o de roupas, cal\u00e7ados, capacetes e outros equipamentos de prote\u00e7\u00e3o S\u00e3o Paulo, setembro de 2026 \u2013 Ergonomia, flexibilidade, conforto, tecnologia e adequa\u00e7\u00e3o aos riscos s\u00e3o fatores cada vez mais importantes para que os Equipamentos de Prote\u00e7\u00e3o Individual (EPIs) cumpram seu papel na prote\u00e7\u00e3o dos trabalhadores ao longo [&hellip;]","og_url":"https:\/\/fireshow.com.br\/en\/fisp-e-fire-show-estreiam-primeiro-desfile-tecnico-de-epis-da-america-latina\/","og_site_name":"Fire Show","article_publisher":"https:\/\/www.facebook.com\/Fire-Show-1113145285392042\/","article_published_time":"2026-09-02T18:09:16+00:00","article_modified_time":"2026-09-02T18:09:17+00:00","og_image":[{"width":2048,"height":1153,"url":"https:\/\/fireshow.com.br\/wp-content\/uploads\/2026\/09\/image.jpeg","type":"image\/jpeg"}],"twitter_card":"summary_large_image","twitter_creator":"@feirafireshow","twitter_site":"@feirafireshow","twitter_misc":{"Written by":"Leandro Ursulano","Est. reading time":"9 minutes"},"schema":{"@context":"https:\/\/schema.org","@graph":[{"@type":"Organization","@id":"https:\/\/fireshow.com.br\/#organization","name":"Fire Show - International Fire Fair","url":"https:\/\/fireshow.com.br\/","sameAs":["https:\/\/www.facebook.com\/Fire-Show-1113145285392042\/","https:\/\/www.instagram.com\/fireshowbrasil\/","https:\/\/www.youtube.com\/channel\/UCcrepgp7vdG5UxMwei4-OjA","https:\/\/twitter.com\/feirafireshow"],"logo":{"@type":"ImageObject","@id":"https:\/\/fireshow.com.br\/#logo","inLanguage":"en-US","url":"https:\/\/glorious-green-crane.72-61-35-14.cpanel.site\/wp-content\/uploads\/2017\/11\/favicon-fireshow.png","contentUrl":"https:\/\/glorious-green-crane.72-61-35-14.cpanel.site\/wp-content\/uploads\/2017\/11\/favicon-fireshow.png","width":250,"height":250,"caption":"Fire Show - International Fire Fair"},"image":{"@id":"https:\/\/fireshow.com.br\/#logo"}},{"@type":"WebSite","@id":"https:\/\/fireshow.com.br\/#website","url":"https:\/\/fireshow.com.br\/","name":"Fire Show","description":"International Fire Fair","publisher":{"@id":"https:\/\/fireshow.com.br\/#organization"},"potentialAction":[{"@type":"SearchAction","target":{"@type":"EntryPoint","urlTemplate":"https:\/\/fireshow.com.br\/?s={search_term_string}"},"query-input":"required name=search_term_string"}],"inLanguage":"en-US"},{"@type":"ImageObject","@id":"https:\/\/fireshow.com.br\/fisp-e-fire-show-estreiam-primeiro-desfile-tecnico-de-epis-da-america-latina\/#primaryimage","inLanguage":"en-US","url":"https:\/\/fireshow.com.br\/wp-content\/uploads\/2026\/09\/image.jpeg","contentUrl":"https:\/\/fireshow.com.br\/wp-content\/uploads\/2026\/09\/image.jpeg","width":2048,"height":1153},{"@type":"WebPage","@id":"https:\/\/fireshow.com.br\/fisp-e-fire-show-estreiam-primeiro-desfile-tecnico-de-epis-da-america-latina\/#webpage","url":"https:\/\/fireshow.com.br\/fisp-e-fire-show-estreiam-primeiro-desfile-tecnico-de-epis-da-america-latina\/","name":"FISP e Fire Show estreiam primeiro desfile t\u00e9cnico de EPIs da Am\u00e9rica Latina - Fire Show","isPartOf":{"@id":"https:\/\/fireshow.com.br\/#website"},"primaryImageOfPage":{"@id":"https:\/\/fireshow.com.br\/fisp-e-fire-show-estreiam-primeiro-desfile-tecnico-de-epis-da-america-latina\/#primaryimage"},"datePublished":"2026-09-02T18:09:16+00:00","dateModified":"2026-09-02T18:09:17+00:00","breadcrumb":{"@id":"https:\/\/fireshow.com.br\/fisp-e-fire-show-estreiam-primeiro-desfile-tecnico-de-epis-da-america-latina\/#breadcrumb"},"inLanguage":"en-US","potentialAction":[{"@type":"ReadAction","target":["https:\/\/fireshow.com.br\/fisp-e-fire-show-estreiam-primeiro-desfile-tecnico-de-epis-da-america-latina\/"]}]},{"@type":"BreadcrumbList","@id":"https:\/\/fireshow.com.br\/fisp-e-fire-show-estreiam-primeiro-desfile-tecnico-de-epis-da-america-latina\/#breadcrumb","itemListElement":[{"@type":"ListItem","position":1,"name":"In\u00edcio","item":"https:\/\/fireshow.com.br\/"},{"@type":"ListItem","position":2,"name":"FISP e Fire Show estreiam primeiro desfile t\u00e9cnico de EPIs da Am\u00e9rica Latina"}]},{"@type":"Article","@id":"https:\/\/fireshow.com.br\/fisp-e-fire-show-estreiam-primeiro-desfile-tecnico-de-epis-da-america-latina\/#article","isPartOf":{"@id":"https:\/\/fireshow.com.br\/fisp-e-fire-show-estreiam-primeiro-desfile-tecnico-de-epis-da-america-latina\/#webpage"},"author":{"@id":"https:\/\/fireshow.com.br\/#\/schema\/person\/23ba51fa397ba7c48799a9a8d61aca4f"},"headline":"FISP e Fire Show estreiam primeiro desfile t\u00e9cnico de EPIs da Am\u00e9rica Latina","datePublished":"2026-09-02T18:09:16+00:00","dateModified":"2026-09-02T18:09:17+00:00","mainEntityOfPage":{"@id":"https:\/\/fireshow.com.br\/fisp-e-fire-show-estreiam-primeiro-desfile-tecnico-de-epis-da-america-latina\/#webpage"},"wordCount":1845,"publisher":{"@id":"https:\/\/fireshow.com.br\/#organization"},"image":{"@id":"https:\/\/fireshow.com.br\/fisp-e-fire-show-estreiam-primeiro-desfile-tecnico-de-epis-da-america-latina\/#primaryimage"},"thumbnailUrl":"https:\/\/fireshow.com.br\/wp-content\/uploads\/2026\/09\/image.jpeg","articleSection":["Press Releases 2026"],"inLanguage":"en-US"},{"@type":"Person","@id":"https:\/\/fireshow.com.br\/#\/schema\/person\/23ba51fa397ba7c48799a9a8d61aca4f","name":"Leandro Ursulano","image":{"@type":"ImageObject","@id":"https:\/\/fireshow.com.br\/#personlogo","inLanguage":"en-US","url":"https:\/\/secure.gravatar.com\/avatar\/246fc6654ab3233313a8a97f3641eddda2edde74a6d58daec00b4536f20ccf40?s=96&d=mm&r=g","contentUrl":"https:\/\/secure.gravatar.com\/avatar\/246fc6654ab3233313a8a97f3641eddda2edde74a6d58daec00b4536f20ccf40?s=96&d=mm&r=g","caption":"Leandro Ursulano"}}]}},"_links":{"self":[{"href":"https:\/\/fireshow.com.br\/en\/wp-json\/wp\/v2\/posts\/12409","targetHints":{"allow":["GET"]}}],"collection":[{"href":"https:\/\/fireshow.com.br\/en\/wp-json\/wp\/v2\/posts"}],"about":[{"href":"https:\/\/fireshow.com.br\/en\/wp-json\/wp\/v2\/types\/post"}],"author":[{"embeddable":true,"href":"https:\/\/fireshow.com.br\/en\/wp-json\/wp\/v2\/users\/2"}],"replies":[{"embeddable":true,"href":"https:\/\/fireshow.com.br\/en\/wp-json\/wp\/v2\/comments?post=12409"}],"version-history":[{"count":1,"href":"https:\/\/fireshow.com.br\/en\/wp-json\/wp\/v2\/posts\/12409\/revisions"}],"predecessor-version":[{"id":12411,"href":"https:\/\/fireshow.com.br\/en\/wp-json\/wp\/v2\/posts\/12409\/revisions\/12411"}],"wp:featuredmedia":[{"embeddable":true,"href":"https:\/\/fireshow.com.br\/en\/wp-json\/wp\/v2\/media\/12410"}],"wp:attachment":[{"href":"https:\/\/fireshow.com.br\/en\/wp-json\/wp\/v2\/media?parent=12409"}],"wp:term":[{"taxonomy":"category","embeddable":true,"href":"https:\/\/fireshow.com.br\/en\/wp-json\/wp\/v2\/categories?post=12409"},{"taxonomy":"post_tag","embeddable":true,"href":"https:\/\/fireshow.com.br\/en\/wp-json\/wp\/v2\/tags?post=12409"}],"curies":[{"name":"wp","href":"https:\/\/api.w.org\/{rel}","templated":true}]}}